{"id":7688,"date":"2022-07-03T08:16:54","date_gmt":"2022-07-03T08:16:54","guid":{"rendered":"https:\/\/neutrale.al\/?p=7688"},"modified":"2022-07-03T08:16:54","modified_gmt":"2022-07-03T08:16:54","slug":"sarande-hidhet-nga-ballkoni-i-maternitetit-nena-e-re-me-foshnjen-e-sapo-lindur","status":"publish","type":"post","link":"https:\/\/neutrale.al\/index.php\/2022\/07\/03\/sarande-hidhet-nga-ballkoni-i-maternitetit-nena-e-re-me-foshnjen-e-sapo-lindur\/","title":{"rendered":"Sarand\u00eb\/Hidhet nga ballkoni i maternitetit n\u00ebna e re me foshnj\u00ebn e sapo lindur"},"content":{"rendered":"<p>Ngjarja e r\u00ebnd\u00eb ka ndodhur rreth or\u00ebs 22:00, mbr\u00ebmjen e s\u00eb shtun\u00ebs, n\u00eb maternitetin e Sarand\u00ebs. <\/p>\n<p>N\u00ebna e re, shtetasja M.J., 35 vje\u00e7e e ka kryer k\u00ebt\u00eb veprim n\u00ebn kushtet e depresionit. <\/p>\n<p>Fatmir\u00ebsisht kan\u00eb p\u00ebsuar d\u00ebmtime t\u00eb lehta dhe jan\u00eb n\u00ebn kujdesin e bluzave t\u00eb bardha.<\/p>\n","protected":false},"excerpt":{"rendered":"<p>Ngjarja e r\u00ebnd\u00eb ka ndodhur rreth or\u00ebs 22:00, mbr\u00ebmjen e s\u00eb shtun\u00ebs, n\u00eb maternitetin e Sarand\u00ebs. N\u00ebna e re, shtetasja M.J., 35 vje\u00e7e e ka kryer k\u00ebt\u00eb veprim n\u00ebn kushtet e depresionit. Fatmir\u00ebsisht kan\u00eb p\u00ebsuar d\u00ebmtime t\u00eb lehta dhe jan\u00eb n\u00ebn kujdesin e bluzave t\u00eb bardha.<\/p>\n","protected":false},"author":2,"featured_media":7689,"comment_status":"open","ping_status":"open","sticky":false,"template":"","format":"standard","meta":{"footnotes":""},"categories":[117,118],"tags":[27],"class_list":{"0":"post-7688","1":"post","2":"type-post","3":"status-publish","4":"format-standard","5":"has-post-thumbnail","7":"category-aktualitet","8":"category-kryesore","9":"tag-lajme"},"_links":{"self":[{"href":"https:\/\/neutrale.al\/index.php\/wp-json\/wp\/v2\/posts\/7688","targetHints":{"allow":["GET"]}}],"collection":[{"href":"https:\/\/neutrale.al\/index.php\/wp-json\/wp\/v2\/posts"}],"about":[{"href":"https:\/\/neutrale.al\/index.php\/wp-json\/wp\/v2\/types\/post"}],"author":[{"embeddable":true,"href":"https:\/\/neutrale.al\/index.php\/wp-json\/wp\/v2\/users\/2"}],"replies":[{"embeddable":true,"href":"https:\/\/neutrale.al\/index.php\/wp-json\/wp\/v2\/comments?post=7688"}],"version-history":[{"count":1,"href":"https:\/\/neutrale.al\/index.php\/wp-json\/wp\/v2\/posts\/7688\/revisions"}],"predecessor-version":[{"id":7690,"href":"https:\/\/neutrale.al\/index.php\/wp-json\/wp\/v2\/posts\/7688\/revisions\/7690"}],"wp:featuredmedia":[{"embeddable":true,"href":"https:\/\/neutrale.al\/index.php\/wp-json\/wp\/v2\/media\/7689"}],"wp:attachment":[{"href":"https:\/\/neutrale.al\/index.php\/wp-json\/wp\/v2\/media?parent=7688"}],"wp:term":[{"taxonomy":"category","embeddable":true,"href":"https:\/\/neutrale.al\/index.php\/wp-json\/wp\/v2\/categories?post=7688"},{"taxonomy":"post_tag","embeddable":true,"href":"https:\/\/neutrale.al\/index.php\/wp-json\/wp\/v2\/tags?post=7688"}],"curies":[{"name":"wp","href":"https:\/\/api.w.org\/{rel}","templated":true}]}}