{"id":7663,"date":"2022-07-02T19:32:02","date_gmt":"2022-07-02T19:32:02","guid":{"rendered":"https:\/\/neutrale.al\/?p=7663"},"modified":"2022-07-02T19:32:02","modified_gmt":"2022-07-02T19:32:02","slug":"erjon-veliajdicka-e-bukur-po-ndertohet-ne-farke","status":"publish","type":"post","link":"https:\/\/neutrale.al\/index.php\/2022\/07\/02\/erjon-veliajdicka-e-bukur-po-ndertohet-ne-farke\/","title":{"rendered":"Erjon Veliaj:Di\u00e7ka e bukur po nd\u00ebrtohet n\u00eb Fark\u00eb!"},"content":{"rendered":"\n<p>K\u00ebshtu shkruan Kryetari i Bashkis\u00eb Tiran\u00eb, Veliaj, n\u00eb nj\u00eb status n\u00eb &#8220;Facebook&#8221; <\/p>\n<p>B\u00ebhet fjal\u00eb p\u00ebr Tregun Agron Ushqimor Publik, q\u00eb po nd\u00ebrtohet n\u00eb Far\u00eb.<br \/>\nN\u00eb k\u00ebt\u00eb inspektim, ai ka qen\u00eb i shoq\u00ebruar nga ministrja e Bujq\u00ebsis\u00eb Frida Krifca dhe ambasadorin e Izraelit n\u00eb Tiran\u00eb, Noah Gal Gendler.<br \/>\nJa postimi i tij: <\/p>\n<p>Di\u00e7ka e bukur po nd\u00ebrtohet n\u00eb Fark\u00eb! \ud83c\udf4f\ud83c\udf49\ud83c\udf51 <\/p>\n<p>Me ministren e Bujq\u00ebsis\u00eb, Frida Krifca dhe ambasadorin e Izraelit n\u00eb Tiran\u00eb, Noah Gal Gendler p\u00ebr t\u00eb inspektuar tregun Agro-Ushqimor Publik \ud83e\udd6c\ud83e\udd52 n\u00eb Fark\u00eb &#8211; nj\u00eb super lajm p\u00ebr gjith\u00eb lugin\u00ebn e Erzenit dhe fermer\u00ebt \ud83d\udc69\ud83c\udffc\u200d\ud83c\udf3e e ndersh\u00ebm e t\u00eb palodhur n\u00eb rrethinat e Tiran\u00ebs! \ud83d\udc4f\ud83c\udffc<\/p>\n","protected":false},"excerpt":{"rendered":"<p>K\u00ebshtu shkruan Kryetari i Bashkis\u00eb Tiran\u00eb, Veliaj, n\u00eb nj\u00eb status n\u00eb &#8220;Facebook&#8221; B\u00ebhet fjal\u00eb p\u00ebr Tregun Agron Ushqimor Publik, q\u00eb po nd\u00ebrtohet n\u00eb Far\u00eb. N\u00eb k\u00ebt\u00eb inspektim, ai ka qen\u00eb i shoq\u00ebruar nga ministrja e Bujq\u00ebsis\u00eb Frida Krifca dhe ambasadorin e Izraelit n\u00eb Tiran\u00eb, Noah Gal Gendler. Ja postimi i tij: Di\u00e7ka e bukur po [&hellip;]<\/p>\n","protected":false},"author":2,"featured_media":7664,"comment_status":"open","ping_status":"open","sticky":false,"template":"","format":"standard","meta":{"footnotes":""},"categories":[118,9],"tags":[27],"class_list":{"0":"post-7663","1":"post","2":"type-post","3":"status-publish","4":"format-standard","5":"has-post-thumbnail","7":"category-kryesore","8":"category-politika","9":"tag-lajme"},"_links":{"self":[{"href":"https:\/\/neutrale.al\/index.php\/wp-json\/wp\/v2\/posts\/7663","targetHints":{"allow":["GET"]}}],"collection":[{"href":"https:\/\/neutrale.al\/index.php\/wp-json\/wp\/v2\/posts"}],"about":[{"href":"https:\/\/neutrale.al\/index.php\/wp-json\/wp\/v2\/types\/post"}],"author":[{"embeddable":true,"href":"https:\/\/neutrale.al\/index.php\/wp-json\/wp\/v2\/users\/2"}],"replies":[{"embeddable":true,"href":"https:\/\/neutrale.al\/index.php\/wp-json\/wp\/v2\/comments?post=7663"}],"version-history":[{"count":1,"href":"https:\/\/neutrale.al\/index.php\/wp-json\/wp\/v2\/posts\/7663\/revisions"}],"predecessor-version":[{"id":7665,"href":"https:\/\/neutrale.al\/index.php\/wp-json\/wp\/v2\/posts\/7663\/revisions\/7665"}],"wp:featuredmedia":[{"embeddable":true,"href":"https:\/\/neutrale.al\/index.php\/wp-json\/wp\/v2\/media\/7664"}],"wp:attachment":[{"href":"https:\/\/neutrale.al\/index.php\/wp-json\/wp\/v2\/media?parent=7663"}],"wp:term":[{"taxonomy":"category","embeddable":true,"href":"https:\/\/neutrale.al\/index.php\/wp-json\/wp\/v2\/categories?post=7663"},{"taxonomy":"post_tag","embeddable":true,"href":"https:\/\/neutrale.al\/index.php\/wp-json\/wp\/v2\/tags?post=7663"}],"curies":[{"name":"wp","href":"https:\/\/api.w.org\/{rel}","templated":true}]}}