{"id":7494,"date":"2022-07-01T16:11:04","date_gmt":"2022-07-01T16:11:04","guid":{"rendered":"https:\/\/neutrale.al\/?p=7494"},"modified":"2022-07-01T16:11:04","modified_gmt":"2022-07-01T16:11:04","slug":"lei-feston-ditelindjen","status":"publish","type":"post","link":"https:\/\/neutrale.al\/index.php\/2022\/07\/01\/lei-feston-ditelindjen\/","title":{"rendered":"Lei feston dit\u00eblindjen&#8230;"},"content":{"rendered":"<p>Moderatorja sharmante, Lei Kraja, ka festuar dje 29-vjetorin e lindjes s\u00eb saj.<br \/>\nQindra urime kan\u00eb v\u00ebrshuar n\u00eb profilin e saj n\u00eb Instagram.<br \/>\nP\u00ebrbri fotove provokuese, Lei shkruan: \u201cO Zoti im, nj\u00eb vit larg nga t\u00eb 30-at, qershor 30, 1993\u201d. <\/p>\n<p>Ajo di t\u00eb t\u00ebrheq v\u00ebmendjen dhe ne ve\u00e7 i urojm\u00eb, suksese n\u00eb jet\u00eb dhe n\u00eb ekran !<\/p>\n<p><img loading=\"lazy\" loading=\"lazy\" decoding=\"async\" src=\"https:\/\/neutrale.al\/wp-content\/uploads\/2022\/07\/8600AAF1-70FC-427A-AAB3-44EAEFFDB3A4-221x300.jpeg\" alt=\"\" width=\"221\" height=\"300\" class=\"alignnone size-medium wp-image-7495\" srcset=\"https:\/\/neutrale.al\/wp-content\/uploads\/2022\/07\/8600AAF1-70FC-427A-AAB3-44EAEFFDB3A4-221x300.jpeg 221w, https:\/\/neutrale.al\/wp-content\/uploads\/2022\/07\/8600AAF1-70FC-427A-AAB3-44EAEFFDB3A4.jpeg 427w\" sizes=\"auto, (max-width: 221px) 100vw, 221px\" \/><\/p>\n<p><img loading=\"lazy\" loading=\"lazy\" decoding=\"async\" src=\"https:\/\/neutrale.al\/wp-content\/uploads\/2022\/07\/B8015FCB-0715-48B8-9C37-EA52C6DD3019-208x300.jpeg\" alt=\"\" width=\"208\" height=\"300\" class=\"alignnone size-medium wp-image-7496\" srcset=\"https:\/\/neutrale.al\/wp-content\/uploads\/2022\/07\/B8015FCB-0715-48B8-9C37-EA52C6DD3019-208x300.jpeg 208w, https:\/\/neutrale.al\/wp-content\/uploads\/2022\/07\/B8015FCB-0715-48B8-9C37-EA52C6DD3019.jpeg 425w\" sizes=\"auto, (max-width: 208px) 100vw, 208px\" \/><\/p>\n","protected":false},"excerpt":{"rendered":"<p>Moderatorja sharmante, Lei Kraja, ka festuar dje 29-vjetorin e lindjes s\u00eb saj. Qindra urime kan\u00eb v\u00ebrshuar n\u00eb profilin e saj n\u00eb Instagram. P\u00ebrbri fotove provokuese, Lei shkruan: \u201cO Zoti im, nj\u00eb vit larg nga t\u00eb 30-at, qershor 30, 1993\u201d. Ajo di t\u00eb t\u00ebrheq v\u00ebmendjen dhe ne ve\u00e7 i urojm\u00eb, suksese n\u00eb jet\u00eb dhe n\u00eb ekran [&hellip;]<\/p>\n","protected":false},"author":2,"featured_media":7497,"comment_status":"open","ping_status":"open","sticky":false,"template":"","format":"standard","meta":{"footnotes":""},"categories":[122],"tags":[27],"class_list":{"0":"post-7494","1":"post","2":"type-post","3":"status-publish","4":"format-standard","5":"has-post-thumbnail","7":"category-showbizz","8":"tag-lajme"},"_links":{"self":[{"href":"https:\/\/neutrale.al\/index.php\/wp-json\/wp\/v2\/posts\/7494","targetHints":{"allow":["GET"]}}],"collection":[{"href":"https:\/\/neutrale.al\/index.php\/wp-json\/wp\/v2\/posts"}],"about":[{"href":"https:\/\/neutrale.al\/index.php\/wp-json\/wp\/v2\/types\/post"}],"author":[{"embeddable":true,"href":"https:\/\/neutrale.al\/index.php\/wp-json\/wp\/v2\/users\/2"}],"replies":[{"embeddable":true,"href":"https:\/\/neutrale.al\/index.php\/wp-json\/wp\/v2\/comments?post=7494"}],"version-history":[{"count":1,"href":"https:\/\/neutrale.al\/index.php\/wp-json\/wp\/v2\/posts\/7494\/revisions"}],"predecessor-version":[{"id":7498,"href":"https:\/\/neutrale.al\/index.php\/wp-json\/wp\/v2\/posts\/7494\/revisions\/7498"}],"wp:featuredmedia":[{"embeddable":true,"href":"https:\/\/neutrale.al\/index.php\/wp-json\/wp\/v2\/media\/7497"}],"wp:attachment":[{"href":"https:\/\/neutrale.al\/index.php\/wp-json\/wp\/v2\/media?parent=7494"}],"wp:term":[{"taxonomy":"category","embeddable":true,"href":"https:\/\/neutrale.al\/index.php\/wp-json\/wp\/v2\/categories?post=7494"},{"taxonomy":"post_tag","embeddable":true,"href":"https:\/\/neutrale.al\/index.php\/wp-json\/wp\/v2\/tags?post=7494"}],"curies":[{"name":"wp","href":"https:\/\/api.w.org\/{rel}","templated":true}]}}