{"id":7372,"date":"2022-06-30T22:02:15","date_gmt":"2022-06-30T22:02:15","guid":{"rendered":"https:\/\/neutrale.al\/?p=7372"},"modified":"2022-06-30T22:02:15","modified_gmt":"2022-06-30T22:02:15","slug":"ferdinand-marcos-jr-64-vjec-djali-i-diktatorit-te-rrezuar-u-betua-dje-si-president-i-filipineve","status":"publish","type":"post","link":"https:\/\/neutrale.al\/index.php\/2022\/06\/30\/ferdinand-marcos-jr-64-vjec-djali-i-diktatorit-te-rrezuar-u-betua-dje-si-president-i-filipineve\/","title":{"rendered":"Ferdinand Marcos Jr., 64 vje\u00e7, djali i diktatorit t\u00eb rr\u00ebzuar, u betua dje si president i Filipineve."},"content":{"rendered":"<p>Markos \u00ebsht\u00eb presidenti i<br \/>\n17-t\u00eb i Filipineve.<br \/>\nKongresi shpalli fitoren e tij d\u00ebrrmuese muajin e kaluar dhe z\u00ebvend\u00ebs presidenti i ri do t\u00eb jet\u00eb vajza e presidentit n\u00eb largim, Sara Duterte. <\/p>\n<p>Aktivist\u00ebt dhe ata q\u00eb jetuan n\u00eb koh\u00ebn e diktatur\u00ebs s\u00eb babait t\u00eb tij Ferdinand Marcos protestuan kund\u00ebr inaugurimit q\u00eb u zhvillua dje n\u00eb shkall\u00ebt e Muzeut Komb\u00ebtar n\u00eb Manila. <\/p>\n<p>Theksojm\u00eb se babai i tij u detyrua t\u00eb largohet si kreu i shtetit para 35 vitesh. <\/p>\n<p>Ata thon\u00eb se ky \u00ebsht\u00eb nj\u00eb \u201cmakth\u201d p\u00ebr t\u00eb gjith\u00eb t\u00eb mbijetuarit e torturave gjat\u00eb diktatur\u00ebs. <\/p>\n<p>Mij\u00ebra oficer\u00eb policie, disa prej t\u00eb cil\u00ebve mbanin pajisje p\u00ebr t\u00eb prishur demonstrat\u00ebn, u vendos\u00ebn rreth vendit t\u00eb ceremonis\u00eb p\u00ebr efekt sigurie.<\/p>\n<p><img loading=\"lazy\" loading=\"lazy\" decoding=\"async\" src=\"https:\/\/neutrale.al\/wp-content\/uploads\/2022\/06\/09B4BC4B-1765-4985-B28D-8837417723D5-300x184.jpeg\" alt=\"\" width=\"300\" height=\"184\" class=\"alignnone size-medium wp-image-7373\" srcset=\"https:\/\/neutrale.al\/wp-content\/uploads\/2022\/06\/09B4BC4B-1765-4985-B28D-8837417723D5-300x184.jpeg 300w, https:\/\/neutrale.al\/wp-content\/uploads\/2022\/06\/09B4BC4B-1765-4985-B28D-8837417723D5-768x471.jpeg 768w, https:\/\/neutrale.al\/wp-content\/uploads\/2022\/06\/09B4BC4B-1765-4985-B28D-8837417723D5.jpeg 779w\" sizes=\"auto, (max-width: 300px) 100vw, 300px\" \/><\/p>\n","protected":false},"excerpt":{"rendered":"<p>Markos \u00ebsht\u00eb presidenti i 17-t\u00eb i Filipineve. Kongresi shpalli fitoren e tij d\u00ebrrmuese muajin e kaluar dhe z\u00ebvend\u00ebs presidenti i ri do t\u00eb jet\u00eb vajza e presidentit n\u00eb largim, Sara Duterte. Aktivist\u00ebt dhe ata q\u00eb jetuan n\u00eb koh\u00ebn e diktatur\u00ebs s\u00eb babait t\u00eb tij Ferdinand Marcos protestuan kund\u00ebr inaugurimit q\u00eb u zhvillua dje n\u00eb shkall\u00ebt [&hellip;]<\/p>\n","protected":false},"author":2,"featured_media":7374,"comment_status":"open","ping_status":"open","sticky":false,"template":"","format":"standard","meta":{"footnotes":""},"categories":[12],"tags":[27],"class_list":{"0":"post-7372","1":"post","2":"type-post","3":"status-publish","4":"format-standard","5":"has-post-thumbnail","7":"category-bota","8":"tag-lajme"},"_links":{"self":[{"href":"https:\/\/neutrale.al\/index.php\/wp-json\/wp\/v2\/posts\/7372","targetHints":{"allow":["GET"]}}],"collection":[{"href":"https:\/\/neutrale.al\/index.php\/wp-json\/wp\/v2\/posts"}],"about":[{"href":"https:\/\/neutrale.al\/index.php\/wp-json\/wp\/v2\/types\/post"}],"author":[{"embeddable":true,"href":"https:\/\/neutrale.al\/index.php\/wp-json\/wp\/v2\/users\/2"}],"replies":[{"embeddable":true,"href":"https:\/\/neutrale.al\/index.php\/wp-json\/wp\/v2\/comments?post=7372"}],"version-history":[{"count":1,"href":"https:\/\/neutrale.al\/index.php\/wp-json\/wp\/v2\/posts\/7372\/revisions"}],"predecessor-version":[{"id":7375,"href":"https:\/\/neutrale.al\/index.php\/wp-json\/wp\/v2\/posts\/7372\/revisions\/7375"}],"wp:featuredmedia":[{"embeddable":true,"href":"https:\/\/neutrale.al\/index.php\/wp-json\/wp\/v2\/media\/7374"}],"wp:attachment":[{"href":"https:\/\/neutrale.al\/index.php\/wp-json\/wp\/v2\/media?parent=7372"}],"wp:term":[{"taxonomy":"category","embeddable":true,"href":"https:\/\/neutrale.al\/index.php\/wp-json\/wp\/v2\/categories?post=7372"},{"taxonomy":"post_tag","embeddable":true,"href":"https:\/\/neutrale.al\/index.php\/wp-json\/wp\/v2\/tags?post=7372"}],"curies":[{"name":"wp","href":"https:\/\/api.w.org\/{rel}","templated":true}]}}