{"id":7356,"date":"2022-06-30T19:33:43","date_gmt":"2022-06-30T19:33:43","guid":{"rendered":"https:\/\/neutrale.al\/?p=7356"},"modified":"2022-06-30T19:33:43","modified_gmt":"2022-06-30T19:33:43","slug":"mandati-i-deputetes-xhacka-keshilli-i-mandateve-mblidhet-neser","status":"publish","type":"post","link":"https:\/\/neutrale.al\/index.php\/2022\/06\/30\/mandati-i-deputetes-xhacka-keshilli-i-mandateve-mblidhet-neser\/","title":{"rendered":"Mandati i deputetes Xha\u00e7ka, K\u00ebshilli i Mandateve mblidhet nes\u00ebr."},"content":{"rendered":"<p>Kuvendi njofton se nes\u00ebr do t\u00eb mblidhet K\u00ebshilli p\u00ebr Rregulloren, Mandatet dhe Imunitetin, q\u00eb do t\u00eb shqyrtoj\u00eb procedurat p\u00ebr mandatin e deputetes Olta Xha\u00e7ka. <\/p>\n<p>Njoftimi i Kuvendit: <\/p>\n<p>Nes\u00ebr, dit\u00ebn e premte, dat\u00eb 01.07.2022, ora 12:00, n\u00ebn drejtimin e Kryetares s\u00eb Kuvendit, znj. Lindita Nikolla, nj\u00ebher\u00ebsh Kryetare e K\u00ebshillit p\u00ebr Rregulloren, Mandatet dhe Imunitetin, do t\u00eb zhvillohet mbledhja e k\u00ebtij K\u00ebshilli, n\u00eb Kryesin\u00eb e Kuvendit, salla \u201cPjet\u00ebr Arbnori\u201d, me k\u00ebt\u00eb rend dite: <\/p>\n<p>Vijimi i mbledhjes p\u00ebr mocionin e 1\/10 t\u00eb deputet\u00ebve p\u00ebrfaq\u00ebsues t\u00eb Grupit Parlamentar t\u00eb Partis\u00eb Demokratike p\u00ebr ndjekjen e procedur\u00ebs parlamentare p\u00ebr konstatimin e pavlefshm\u00ebris\u00eb dhe mbarimit te mandatit t\u00eb deputetes Olta Xha\u00e7ka. <\/p>\n<p>(Urdh\u00ebr nr. 59, dat\u00eb 30.06.2022, i Kryetares s\u00eb Kuvendit, znj. Lindita Nikolla). <\/p>\n<p>Mbledhja do t\u00eb transmetohet live n\u00eb faqen WEB dhe FB t\u00eb Kuvendit. Operator\u00ebt mund t\u00eb ndjekin fillimin e mbledhjes p\u00ebr plane, nd\u00ebrsa gazetar\u00ebt mund t\u00eb ndjekin mbledhjen gjat\u00eb gjith\u00eb koh\u00ebs.<\/p>\n","protected":false},"excerpt":{"rendered":"<p>Kuvendi njofton se nes\u00ebr do t\u00eb mblidhet K\u00ebshilli p\u00ebr Rregulloren, Mandatet dhe Imunitetin, q\u00eb do t\u00eb shqyrtoj\u00eb procedurat p\u00ebr mandatin e deputetes Olta Xha\u00e7ka. Njoftimi i Kuvendit: Nes\u00ebr, dit\u00ebn e premte, dat\u00eb 01.07.2022, ora 12:00, n\u00ebn drejtimin e Kryetares s\u00eb Kuvendit, znj. Lindita Nikolla, nj\u00ebher\u00ebsh Kryetare e K\u00ebshillit p\u00ebr Rregulloren, Mandatet dhe Imunitetin, do t\u00eb [&hellip;]<\/p>\n","protected":false},"author":2,"featured_media":7357,"comment_status":"open","ping_status":"open","sticky":false,"template":"","format":"standard","meta":{"footnotes":""},"categories":[118,9],"tags":[27],"class_list":{"0":"post-7356","1":"post","2":"type-post","3":"status-publish","4":"format-standard","5":"has-post-thumbnail","7":"category-kryesore","8":"category-politika","9":"tag-lajme"},"_links":{"self":[{"href":"https:\/\/neutrale.al\/index.php\/wp-json\/wp\/v2\/posts\/7356","targetHints":{"allow":["GET"]}}],"collection":[{"href":"https:\/\/neutrale.al\/index.php\/wp-json\/wp\/v2\/posts"}],"about":[{"href":"https:\/\/neutrale.al\/index.php\/wp-json\/wp\/v2\/types\/post"}],"author":[{"embeddable":true,"href":"https:\/\/neutrale.al\/index.php\/wp-json\/wp\/v2\/users\/2"}],"replies":[{"embeddable":true,"href":"https:\/\/neutrale.al\/index.php\/wp-json\/wp\/v2\/comments?post=7356"}],"version-history":[{"count":1,"href":"https:\/\/neutrale.al\/index.php\/wp-json\/wp\/v2\/posts\/7356\/revisions"}],"predecessor-version":[{"id":7358,"href":"https:\/\/neutrale.al\/index.php\/wp-json\/wp\/v2\/posts\/7356\/revisions\/7358"}],"wp:featuredmedia":[{"embeddable":true,"href":"https:\/\/neutrale.al\/index.php\/wp-json\/wp\/v2\/media\/7357"}],"wp:attachment":[{"href":"https:\/\/neutrale.al\/index.php\/wp-json\/wp\/v2\/media?parent=7356"}],"wp:term":[{"taxonomy":"category","embeddable":true,"href":"https:\/\/neutrale.al\/index.php\/wp-json\/wp\/v2\/categories?post=7356"},{"taxonomy":"post_tag","embeddable":true,"href":"https:\/\/neutrale.al\/index.php\/wp-json\/wp\/v2\/tags?post=7356"}],"curies":[{"name":"wp","href":"https:\/\/api.w.org\/{rel}","templated":true}]}}