{"id":7283,"date":"2022-06-30T09:09:38","date_gmt":"2022-06-30T09:09:38","guid":{"rendered":"https:\/\/neutrale.al\/?p=7283"},"modified":"2022-06-30T09:09:38","modified_gmt":"2022-06-30T09:09:38","slug":"tmerr-gjen-djalin-e-vdekur-vret-veten","status":"publish","type":"post","link":"https:\/\/neutrale.al\/index.php\/2022\/06\/30\/tmerr-gjen-djalin-e-vdekur-vret-veten\/","title":{"rendered":"Tmerr&#8230; Gjen djalin e vdekur, vret veten"},"content":{"rendered":"<p>Ngjarja ka ndodhur n\u00eb Virxhina, ku nj\u00eb baba\u00a0ka vrar\u00eb veten pasi ka gjetur djalin e tij 18-muajsh t\u00eb vdekur n\u00eb sedijen e pasme t\u00eb nj\u00eb makine. <\/p>\n<p>Babai, t\u00eb cilit ende nuk i \u00ebsht\u00eb zbuluar identiteti, u gjet i vdekur n\u00eb Chesterfiel me nj\u00eb plag\u00eb me arm\u00eb zjarri n\u00eb kok\u00eb. Ai u gjet n\u00eb pyllin prapa sht\u00ebpis\u00eb s\u00eb tij, pasi policia mori njoftimin se ai po k\u00ebrc\u00ebnonte t\u00eb vriste veten. <\/p>\n<p>Nga ana tjet\u00ebr, \u201cDaily Mail\u201d shkruan se oficer\u00ebt gjet\u00ebn trupin e f\u00ebmij\u00ebs s\u00eb vog\u00ebl t\u00eb vdekur.<br \/>\n\u201cKjo \u00ebsht\u00eb nj\u00eb tragjedi e tmerrshme\u201d, tha n\u00ebnkoloneli i policis\u00eb s\u00eb Chesterfield, Christopher Hensley. <\/p>\n<p>A Virginia father killed himself after he found his 18-month-old son dead in the backseat of an overheated car on Tuesday-shkruan Daily mail <\/p>\n<p>Nga hetimet paraprake, policia dyshon se babai ka shkuar n\u00eb pun\u00eb n\u00eb m\u00ebngjes p\u00ebr tre or\u00eb dhe ka harruar q\u00eb t\u00eb \u00e7onte t\u00eb birin n\u00eb \u00e7erdhe. Si pasoj\u00eb ai ka mbetur n\u00eb makin\u00eb dhe duke qen\u00eb temperaturat shum\u00eb t\u00eb larta, ai \u00ebsht\u00eb asfiksuar brenda makin\u00ebs. <\/p>\n<p>Familja e t\u00eb voglit ka njoftuar policin\u00eb m\u00ebngjesin e s\u00eb mart\u00ebs, duke denoncuar se djali nuk ishte paraqitur n\u00eb \u00e7erdhe. <\/p>\n<p>Sipas policis\u00eb, pasi babai ka gjetur t\u00eb pajet\u00eb djalin e tij t\u00eb vog\u00ebl, ka vrar\u00eb veten me nj\u00eb arm\u00eb zjarri.<\/p>\n","protected":false},"excerpt":{"rendered":"<p>Ngjarja ka ndodhur n\u00eb Virxhina, ku nj\u00eb baba\u00a0ka vrar\u00eb veten pasi ka gjetur djalin e tij 18-muajsh t\u00eb vdekur n\u00eb sedijen e pasme t\u00eb nj\u00eb makine. Babai, t\u00eb cilit ende nuk i \u00ebsht\u00eb zbuluar identiteti, u gjet i vdekur n\u00eb Chesterfiel me nj\u00eb plag\u00eb me arm\u00eb zjarri n\u00eb kok\u00eb. Ai u gjet n\u00eb pyllin prapa [&hellip;]<\/p>\n","protected":false},"author":2,"featured_media":7284,"comment_status":"open","ping_status":"open","sticky":false,"template":"","format":"standard","meta":{"footnotes":""},"categories":[12],"tags":[27],"class_list":{"0":"post-7283","1":"post","2":"type-post","3":"status-publish","4":"format-standard","5":"has-post-thumbnail","7":"category-bota","8":"tag-lajme"},"_links":{"self":[{"href":"https:\/\/neutrale.al\/index.php\/wp-json\/wp\/v2\/posts\/7283","targetHints":{"allow":["GET"]}}],"collection":[{"href":"https:\/\/neutrale.al\/index.php\/wp-json\/wp\/v2\/posts"}],"about":[{"href":"https:\/\/neutrale.al\/index.php\/wp-json\/wp\/v2\/types\/post"}],"author":[{"embeddable":true,"href":"https:\/\/neutrale.al\/index.php\/wp-json\/wp\/v2\/users\/2"}],"replies":[{"embeddable":true,"href":"https:\/\/neutrale.al\/index.php\/wp-json\/wp\/v2\/comments?post=7283"}],"version-history":[{"count":1,"href":"https:\/\/neutrale.al\/index.php\/wp-json\/wp\/v2\/posts\/7283\/revisions"}],"predecessor-version":[{"id":7285,"href":"https:\/\/neutrale.al\/index.php\/wp-json\/wp\/v2\/posts\/7283\/revisions\/7285"}],"wp:featuredmedia":[{"embeddable":true,"href":"https:\/\/neutrale.al\/index.php\/wp-json\/wp\/v2\/media\/7284"}],"wp:attachment":[{"href":"https:\/\/neutrale.al\/index.php\/wp-json\/wp\/v2\/media?parent=7283"}],"wp:term":[{"taxonomy":"category","embeddable":true,"href":"https:\/\/neutrale.al\/index.php\/wp-json\/wp\/v2\/categories?post=7283"},{"taxonomy":"post_tag","embeddable":true,"href":"https:\/\/neutrale.al\/index.php\/wp-json\/wp\/v2\/tags?post=7283"}],"curies":[{"name":"wp","href":"https:\/\/api.w.org\/{rel}","templated":true}]}}