{"id":7259,"date":"2022-06-30T07:16:54","date_gmt":"2022-06-30T07:16:54","guid":{"rendered":"https:\/\/neutrale.al\/?p=7259"},"modified":"2022-06-30T07:16:54","modified_gmt":"2022-06-30T07:16:54","slug":"dashamir-shehi-rinia-po-iken-rinia-e-fshatit-dyfish-e-larguar-pa-fshat-vendi-vdes","status":"publish","type":"post","link":"https:\/\/neutrale.al\/index.php\/2022\/06\/30\/dashamir-shehi-rinia-po-iken-rinia-e-fshatit-dyfish-e-larguar-pa-fshat-vendi-vdes\/","title":{"rendered":"Dashamir Shehi\/Rinia po ik\u00ebn, rinia e fshatit dyfish e larguar&#8230; Pa fshat- Vendi vdes !"},"content":{"rendered":"\n<p>\u00cbsht\u00eb Dashamir Shehi, Kryetar i LZHK-s\u00eb dhe deputet n\u00eb Kuvendin e Shqip\u00ebris\u00eb q\u00eb jep alarmin p\u00ebr braktisjen e vendit. <\/p>\n<p>Tem\u00ebn e &#8220;arratis\u00eb&#8221;, n\u00eb fakt e trajtojn\u00eb shum\u00eb politikan\u00eb t\u00eb opozit\u00ebs dhe media t\u00eb ndryshme, por Shehi e trajton nga nj\u00eb rrafsh m\u00eb praktik, m\u00eb dometh\u00ebn\u00ebs dhe shum\u00eb m\u00eb tep\u00ebr ul\u00ebrit\u00ebs.<br \/>\nRinia po ik\u00ebn-thot\u00eb ai, por e fshatit dyfish sepse nj\u00eb pjes\u00eb ikin jasht\u00eb, pjesa tjet\u00ebr vjen n\u00eb qytet. <\/p>\n<p>Si p\u00ebr t&#8217;a kulmuar, deputeti i djatht\u00eb, i referohet rastit t\u00eb Irland\u00ebs, ajo u p\u00ebrgjysmua, kur ra s\u00ebmundja e patates dhe uria b\u00ebri q\u00eb gjysma e popullat\u00ebs t\u00eb migronte dhe emigrante. <\/p>\n<p>Pa fshat, pa bujq\u00ebsi, vendi vdes, p\u00ebrfundon Shehi <\/p>\n<p>Ja statusi i plot\u00eb i tij: <\/p>\n<p>\ud83d\udea8Rinia e fshatit, po braktis 2-fish, pasi nj\u00eb pjes\u00eb shkojn\u00eb drejt qyteteve t\u00eb m\u00ebdha Tiran\u00ebs dhe Durr\u00ebsit, kurse nj\u00eb pjes\u00eb jasht\u00eb vendit p\u00ebr arsye ekonomike\ud83d\udcb6. <\/p>\n<p>\u2757\ufe0fNj\u00eb nga detyrat e qeveris\u00eb \u00ebsht\u00eb q\u00eb nj\u00eb pjes\u00eb e rinis\u00eb t\u00eb qendroj\u00eb n\u00eb fshat n\u00eb m\u00ebnyr\u00eb q\u00eb bujq\u00ebsia, t\u00eb ket\u00eb nj\u00eb mund\u00ebsi p\u00ebr tu zhvilluar drejt s\u00eb ardhmes.<br \/>\nN\u00eb t\u00eb gjith\u00eb bot\u00ebn, migrimi ka ndodhur dhe duke e lidhur me bujq\u00ebsin\u00eb, nga uria dhe varf\u00ebria. Irlanda \ud83c\uddee\ud83c\uddeau p\u00ebrgjysmua kur ra s\u00ebmundja e patates\ud83e\udd54 (Phytophthora infestans). <\/p>\n<p>\u203c\ufe0fK\u00ebtu nuk ka ndodhur ndonj\u00eb fatkeqsi. Rinia, po ik\u00ebn nga ky q\u00eb na qeveris dhe kjo qeveri. Ti rikthehemi bujq\u00ebsis\u00eb \ud83c\udf3epor jo me fjal\u00eb, por me vepra.<\/p>\n","protected":false},"excerpt":{"rendered":"<p>\u00cbsht\u00eb Dashamir Shehi, Kryetar i LZHK-s\u00eb dhe deputet n\u00eb Kuvendin e Shqip\u00ebris\u00eb q\u00eb jep alarmin p\u00ebr braktisjen e vendit. Tem\u00ebn e &#8220;arratis\u00eb&#8221;, n\u00eb fakt e trajtojn\u00eb shum\u00eb politikan\u00eb t\u00eb opozit\u00ebs dhe media t\u00eb ndryshme, por Shehi e trajton nga nj\u00eb rrafsh m\u00eb praktik, m\u00eb dometh\u00ebn\u00ebs dhe shum\u00eb m\u00eb tep\u00ebr ul\u00ebrit\u00ebs. Rinia po ik\u00ebn-thot\u00eb ai, por [&hellip;]<\/p>\n","protected":false},"author":2,"featured_media":7260,"comment_status":"open","ping_status":"open","sticky":false,"template":"","format":"standard","meta":{"footnotes":""},"categories":[2,9],"tags":[27],"class_list":{"0":"post-7259","1":"post","2":"type-post","3":"status-publish","4":"format-standard","5":"has-post-thumbnail","7":"category-opinione","8":"category-politika","9":"tag-lajme"},"_links":{"self":[{"href":"https:\/\/neutrale.al\/index.php\/wp-json\/wp\/v2\/posts\/7259","targetHints":{"allow":["GET"]}}],"collection":[{"href":"https:\/\/neutrale.al\/index.php\/wp-json\/wp\/v2\/posts"}],"about":[{"href":"https:\/\/neutrale.al\/index.php\/wp-json\/wp\/v2\/types\/post"}],"author":[{"embeddable":true,"href":"https:\/\/neutrale.al\/index.php\/wp-json\/wp\/v2\/users\/2"}],"replies":[{"embeddable":true,"href":"https:\/\/neutrale.al\/index.php\/wp-json\/wp\/v2\/comments?post=7259"}],"version-history":[{"count":1,"href":"https:\/\/neutrale.al\/index.php\/wp-json\/wp\/v2\/posts\/7259\/revisions"}],"predecessor-version":[{"id":7261,"href":"https:\/\/neutrale.al\/index.php\/wp-json\/wp\/v2\/posts\/7259\/revisions\/7261"}],"wp:featuredmedia":[{"embeddable":true,"href":"https:\/\/neutrale.al\/index.php\/wp-json\/wp\/v2\/media\/7260"}],"wp:attachment":[{"href":"https:\/\/neutrale.al\/index.php\/wp-json\/wp\/v2\/media?parent=7259"}],"wp:term":[{"taxonomy":"category","embeddable":true,"href":"https:\/\/neutrale.al\/index.php\/wp-json\/wp\/v2\/categories?post=7259"},{"taxonomy":"post_tag","embeddable":true,"href":"https:\/\/neutrale.al\/index.php\/wp-json\/wp\/v2\/tags?post=7259"}],"curies":[{"name":"wp","href":"https:\/\/api.w.org\/{rel}","templated":true}]}}