{"id":72178,"date":"2024-03-09T19:48:59","date_gmt":"2024-03-09T19:48:59","guid":{"rendered":"https:\/\/neutrale.al\/?p=72178"},"modified":"2024-03-09T19:48:59","modified_gmt":"2024-03-09T19:48:59","slug":"kamioni-nga-turqia-bllokon-rrugen-e-arberit","status":"publish","type":"post","link":"https:\/\/neutrale.al\/index.php\/2024\/03\/09\/kamioni-nga-turqia-bllokon-rrugen-e-arberit\/","title":{"rendered":"Kamioni nga Turqia bllokon rrug\u00ebn e Arb\u00ebrit"},"content":{"rendered":"<p>Lajmin e b\u00ebn me dije deputeti i Dibr\u00ebs, Xhelal Mziu n\u00ebp\u00ebrmjet rrjeteve sociale, si m\u00eb posht\u00eb:<\/p>\n<p>Bllokohet rruga e Arb\u00ebrit, trajleri me targa turke ngec n\u00eb bajpasin e Murrizit,  nd\u00ebrpritet prej or\u00ebsh qarkullimi.<\/p>\n<p>Nj\u00eb trajler me targa t\u00eb Turqis\u00eb ka bllokuar bajpasin e Murrizit n\u00eb fshatin Bastar t\u00eb Tiran\u00ebs.<\/p>\n<p> Trajleri ka ngecur pik\u00ebrisht n\u00eb kthes\u00ebn e rrezikshme rreth 2 kilometra nga Qafa e Murrizit.<\/p>\n<p> T\u00eb bllokuar kan\u00eb mbetur dhjet\u00ebra automjete q\u00eb l\u00ebvizin drejt Tiran\u00ebs apo Qarkut Dib\u00ebr.<\/p>\n","protected":false},"excerpt":{"rendered":"<p>Lajmin e b\u00ebn me dije deputeti i Dibr\u00ebs, Xhelal Mziu n\u00ebp\u00ebrmjet rrjeteve sociale, si m\u00eb posht\u00eb: Bllokohet rruga e Arb\u00ebrit, trajleri me targa turke ngec n\u00eb bajpasin e Murrizit, nd\u00ebrpritet prej or\u00ebsh qarkullimi. Nj\u00eb trajler me targa t\u00eb Turqis\u00eb ka bllokuar bajpasin e Murrizit n\u00eb fshatin Bastar t\u00eb Tiran\u00ebs. Trajleri ka ngecur pik\u00ebrisht n\u00eb kthes\u00ebn [&hellip;]<\/p>\n","protected":false},"author":2,"featured_media":72179,"comment_status":"open","ping_status":"open","sticky":false,"template":"","format":"standard","meta":{"footnotes":""},"categories":[118],"tags":[],"class_list":{"0":"post-72178","1":"post","2":"type-post","3":"status-publish","4":"format-standard","5":"has-post-thumbnail","7":"category-kryesore"},"_links":{"self":[{"href":"https:\/\/neutrale.al\/index.php\/wp-json\/wp\/v2\/posts\/72178","targetHints":{"allow":["GET"]}}],"collection":[{"href":"https:\/\/neutrale.al\/index.php\/wp-json\/wp\/v2\/posts"}],"about":[{"href":"https:\/\/neutrale.al\/index.php\/wp-json\/wp\/v2\/types\/post"}],"author":[{"embeddable":true,"href":"https:\/\/neutrale.al\/index.php\/wp-json\/wp\/v2\/users\/2"}],"replies":[{"embeddable":true,"href":"https:\/\/neutrale.al\/index.php\/wp-json\/wp\/v2\/comments?post=72178"}],"version-history":[{"count":2,"href":"https:\/\/neutrale.al\/index.php\/wp-json\/wp\/v2\/posts\/72178\/revisions"}],"predecessor-version":[{"id":72181,"href":"https:\/\/neutrale.al\/index.php\/wp-json\/wp\/v2\/posts\/72178\/revisions\/72181"}],"wp:featuredmedia":[{"embeddable":true,"href":"https:\/\/neutrale.al\/index.php\/wp-json\/wp\/v2\/media\/72179"}],"wp:attachment":[{"href":"https:\/\/neutrale.al\/index.php\/wp-json\/wp\/v2\/media?parent=72178"}],"wp:term":[{"taxonomy":"category","embeddable":true,"href":"https:\/\/neutrale.al\/index.php\/wp-json\/wp\/v2\/categories?post=72178"},{"taxonomy":"post_tag","embeddable":true,"href":"https:\/\/neutrale.al\/index.php\/wp-json\/wp\/v2\/tags?post=72178"}],"curies":[{"name":"wp","href":"https:\/\/api.w.org\/{rel}","templated":true}]}}