{"id":72084,"date":"2024-03-08T10:15:49","date_gmt":"2024-03-08T10:15:49","guid":{"rendered":"https:\/\/neutrale.al\/?p=72084"},"modified":"2024-03-08T10:15:49","modified_gmt":"2024-03-08T10:15:49","slug":"ndryshim-i-mases-se-arrestit-shtyhet-seanca-gjyqesore-per-berishen-dhe-malltezin","status":"publish","type":"post","link":"https:\/\/neutrale.al\/index.php\/2024\/03\/08\/ndryshim-i-mases-se-arrestit-shtyhet-seanca-gjyqesore-per-berishen-dhe-malltezin\/","title":{"rendered":"Ndryshim i mas\u00ebs s\u00eb arrestit\/ Shtyhet seanca gjyq\u00ebsore p\u00ebr Berish\u00ebn dhe Malltezin"},"content":{"rendered":"<p>Shtyhet seanca p\u00ebr ish-kryeministrin Sali Berisha dhe Jamarb\u00ebr Malltezi, ku do t\u00eb shqyrtohej revokimi i mas\u00ebs s\u00eb siguris\u00eb.<\/p>\n<p>Ata k\u00ebrkojn\u00eb heqjen e mas\u00ebs \u2018arrest sht\u00ebpie\u2019, nd\u00ebrsa \u00e7\u00ebshtja gjyq\u00ebsore \u00ebsht\u00eb bashkuar n\u00eb nj\u00eb nga GJKKO dhe do t\u00eb shqyrtohet nga gjyqtarja Irena Gjoka.<br \/>\nSeanca e radh\u00ebs do t\u00eb mbahet m\u00eb 12 mars, ora 15:00.<\/p>\n","protected":false},"excerpt":{"rendered":"<p>Shtyhet seanca p\u00ebr ish-kryeministrin Sali Berisha dhe Jamarb\u00ebr Malltezi, ku do t\u00eb shqyrtohej revokimi i mas\u00ebs s\u00eb siguris\u00eb. Ata k\u00ebrkojn\u00eb heqjen e mas\u00ebs \u2018arrest sht\u00ebpie\u2019, nd\u00ebrsa \u00e7\u00ebshtja gjyq\u00ebsore \u00ebsht\u00eb bashkuar n\u00eb nj\u00eb nga GJKKO dhe do t\u00eb shqyrtohet nga gjyqtarja Irena Gjoka. Seanca e radh\u00ebs do t\u00eb mbahet m\u00eb 12 mars, ora 15:00.<\/p>\n","protected":false},"author":2,"featured_media":72085,"comment_status":"open","ping_status":"open","sticky":false,"template":"","format":"standard","meta":{"footnotes":""},"categories":[118],"tags":[],"class_list":{"0":"post-72084","1":"post","2":"type-post","3":"status-publish","4":"format-standard","5":"has-post-thumbnail","7":"category-kryesore"},"_links":{"self":[{"href":"https:\/\/neutrale.al\/index.php\/wp-json\/wp\/v2\/posts\/72084","targetHints":{"allow":["GET"]}}],"collection":[{"href":"https:\/\/neutrale.al\/index.php\/wp-json\/wp\/v2\/posts"}],"about":[{"href":"https:\/\/neutrale.al\/index.php\/wp-json\/wp\/v2\/types\/post"}],"author":[{"embeddable":true,"href":"https:\/\/neutrale.al\/index.php\/wp-json\/wp\/v2\/users\/2"}],"replies":[{"embeddable":true,"href":"https:\/\/neutrale.al\/index.php\/wp-json\/wp\/v2\/comments?post=72084"}],"version-history":[{"count":1,"href":"https:\/\/neutrale.al\/index.php\/wp-json\/wp\/v2\/posts\/72084\/revisions"}],"predecessor-version":[{"id":72086,"href":"https:\/\/neutrale.al\/index.php\/wp-json\/wp\/v2\/posts\/72084\/revisions\/72086"}],"wp:featuredmedia":[{"embeddable":true,"href":"https:\/\/neutrale.al\/index.php\/wp-json\/wp\/v2\/media\/72085"}],"wp:attachment":[{"href":"https:\/\/neutrale.al\/index.php\/wp-json\/wp\/v2\/media?parent=72084"}],"wp:term":[{"taxonomy":"category","embeddable":true,"href":"https:\/\/neutrale.al\/index.php\/wp-json\/wp\/v2\/categories?post=72084"},{"taxonomy":"post_tag","embeddable":true,"href":"https:\/\/neutrale.al\/index.php\/wp-json\/wp\/v2\/tags?post=72084"}],"curies":[{"name":"wp","href":"https:\/\/api.w.org\/{rel}","templated":true}]}}