{"id":72056,"date":"2024-03-07T16:53:58","date_gmt":"2024-03-07T16:53:58","guid":{"rendered":"https:\/\/neutrale.al\/?p=72056"},"modified":"2024-03-07T16:53:58","modified_gmt":"2024-03-07T16:53:58","slug":"ekstradohet-nga-italia-39-vjecari-shqiptar-i-denuar-me-8-vjet-burgim-emri-dhe-akuzat","status":"publish","type":"post","link":"https:\/\/neutrale.al\/index.php\/2024\/03\/07\/ekstradohet-nga-italia-39-vjecari-shqiptar-i-denuar-me-8-vjet-burgim-emri-dhe-akuzat\/","title":{"rendered":"Ekstradohet nga Italia 39-vje\u00e7ari shqiptar i d\u00ebnuar me 8 vjet burgim. Emri dhe akuzat&#8230;"},"content":{"rendered":"<p>Interpol Tirana <\/p>\n<p>Ekstradohet nga Italia, nj\u00eb shtetas shqiptar i d\u00ebnuar me 8 vjet burgim, p\u00ebr veprat penale \u201cProdhimi dhe shitja e narkotik\u00ebve\u201d dhe \u201cMosbindja ndaj urdhrit t\u00eb punonj\u00ebsve t\u00eb policis\u00eb s\u00eb rendit publik\u201d. <\/p>\n<p>Si rezultat i bashk\u00ebpunimit t\u00eb vazhduesh\u00ebm mes Interpol Tiran\u00ebs dhe Interpol Rom\u00ebs, p\u00ebr kapjen dhe ekstradimin e shtetasve t\u00eb shpallur n\u00eb k\u00ebrkim nd\u00ebrkomb\u00ebtar, \u00ebsht\u00eb ekstraduar nga Italia n\u00eb Shqip\u00ebri, shtetasi shqiptar:   <\/p>\n<p>Haki Mehmeti, 39 vje\u00e7, lindur n\u00eb Elbasan. <\/p>\n<p>Ky shtetas ishte shpallur n\u00eb k\u00ebrkim nd\u00ebrkomb\u00ebtar pasi Gjykata e Apelit Vlor\u00eb, me vendimin e dat\u00ebs 02.04.2014, e ka d\u00ebnuar me 8 vjet burgim (nga t\u00eb cilat i kan\u00eb mbetur p\u00ebr t\u00eb vuajtur 6 vjet, 9 muaj e 27 dit\u00eb burgim), p\u00ebr veprat penale \u201cProdhimi dhe shitja e narkotik\u00ebve\u201d dhe \u201cMosbindja ndaj urdhrit t\u00eb punonj\u00ebsve t\u00eb policis\u00eb s\u00eb rendit publik\u201d, t\u00eb kryera n\u00eb bashk\u00ebpunim. <\/p>\n<p>Shtetasi Haki Mehmeti nuk iu \u00ebsht\u00eb bindur urdhrave t\u00eb punonj\u00ebsve t\u00eb Policis\u00eb, p\u00ebr t\u00eb ndaluar automjetin me t\u00eb cilin po transportonte n\u00eb Berat, n\u00eb bashk\u00ebpunim me shtetasin B. T., nj\u00eb sasi cannabisi, e cila m\u00eb pas \u00ebsht\u00eb sekuestruar n\u00eb cil\u00ebsin\u00eb e prov\u00ebs materiale.<\/p>\n","protected":false},"excerpt":{"rendered":"<p>Interpol Tirana Ekstradohet nga Italia, nj\u00eb shtetas shqiptar i d\u00ebnuar me 8 vjet burgim, p\u00ebr veprat penale \u201cProdhimi dhe shitja e narkotik\u00ebve\u201d dhe \u201cMosbindja ndaj urdhrit t\u00eb punonj\u00ebsve t\u00eb policis\u00eb s\u00eb rendit publik\u201d. Si rezultat i bashk\u00ebpunimit t\u00eb vazhduesh\u00ebm mes Interpol Tiran\u00ebs dhe Interpol Rom\u00ebs, p\u00ebr kapjen dhe ekstradimin e shtetasve t\u00eb shpallur n\u00eb k\u00ebrkim [&hellip;]<\/p>\n","protected":false},"author":2,"featured_media":72057,"comment_status":"open","ping_status":"open","sticky":false,"template":"","format":"standard","meta":{"footnotes":""},"categories":[117],"tags":[27],"class_list":{"0":"post-72056","1":"post","2":"type-post","3":"status-publish","4":"format-standard","5":"has-post-thumbnail","7":"category-aktualitet","8":"tag-lajme"},"_links":{"self":[{"href":"https:\/\/neutrale.al\/index.php\/wp-json\/wp\/v2\/posts\/72056","targetHints":{"allow":["GET"]}}],"collection":[{"href":"https:\/\/neutrale.al\/index.php\/wp-json\/wp\/v2\/posts"}],"about":[{"href":"https:\/\/neutrale.al\/index.php\/wp-json\/wp\/v2\/types\/post"}],"author":[{"embeddable":true,"href":"https:\/\/neutrale.al\/index.php\/wp-json\/wp\/v2\/users\/2"}],"replies":[{"embeddable":true,"href":"https:\/\/neutrale.al\/index.php\/wp-json\/wp\/v2\/comments?post=72056"}],"version-history":[{"count":1,"href":"https:\/\/neutrale.al\/index.php\/wp-json\/wp\/v2\/posts\/72056\/revisions"}],"predecessor-version":[{"id":72058,"href":"https:\/\/neutrale.al\/index.php\/wp-json\/wp\/v2\/posts\/72056\/revisions\/72058"}],"wp:featuredmedia":[{"embeddable":true,"href":"https:\/\/neutrale.al\/index.php\/wp-json\/wp\/v2\/media\/72057"}],"wp:attachment":[{"href":"https:\/\/neutrale.al\/index.php\/wp-json\/wp\/v2\/media?parent=72056"}],"wp:term":[{"taxonomy":"category","embeddable":true,"href":"https:\/\/neutrale.al\/index.php\/wp-json\/wp\/v2\/categories?post=72056"},{"taxonomy":"post_tag","embeddable":true,"href":"https:\/\/neutrale.al\/index.php\/wp-json\/wp\/v2\/tags?post=72056"}],"curies":[{"name":"wp","href":"https:\/\/api.w.org\/{rel}","templated":true}]}}