{"id":72022,"date":"2024-03-07T10:48:40","date_gmt":"2024-03-07T10:48:40","guid":{"rendered":"https:\/\/neutrale.al\/?p=72022"},"modified":"2024-03-07T10:48:40","modified_gmt":"2024-03-07T10:48:40","slug":"shpetim-axhami-arsimimi-i-sotem-ben-kombin-neser-gezuar-7-marsin","status":"publish","type":"post","link":"https:\/\/neutrale.al\/index.php\/2024\/03\/07\/shpetim-axhami-arsimimi-i-sotem-ben-kombin-neser-gezuar-7-marsin\/","title":{"rendered":"Shpetim Axhami\/ ARSIMIMI I SOT\u00cbM B\u00cbN KOMBIN NES\u00cbR! G\u00ebzuar 7 Marsin !"},"content":{"rendered":"<p>N\u00eb respekt e mir\u00ebnjohje t\u00eb atdhetar\u00ebve q\u00eb kontribuan n\u00eb kristalizimin e Alfabetit t\u00eb Gjuh\u00ebs Shqipe, q\u00eb e folura e n\u00ebn\u00ebs t\u00eb shkruhet dhe t\u00eb lexohet.<\/p>\n<p>N\u00eb respekt e mir\u00ebnjohje t\u00eb m\u00ebsuesve q\u00eb sakrifikuan gjith\u00e7ka p\u00ebr hapjen e shkollave t\u00eb para shqipe n\u00eb t\u00eb gjith\u00eb trojet tona dhe m\u00eb gjer\u00eb, q\u00eb potenciali i kujtdo prej nesh t\u00eb kthehet n\u00eb dije e shkenc\u00eb p\u00ebr zhvillim, prosperitet e vet\u00ebdije komb\u00ebtare.<\/p>\n<p>N\u00eb respekt e mir\u00ebnjohje t\u00eb thell\u00eb p\u00ebr t\u00eb gjith\u00eb mesuesit q\u00eb me p\u00ebrkushtim, dinjitet dhe krenar p\u00ebr misionin e tyre, asnj\u00ebher\u00eb nuk u ankuan por t\u00eb palodhur dhe me sakrific\u00eb dhan\u00eb dhe vazhdojn\u00eb t\u00eb japin kudo edukat\u00ebn, dijet dhe kultur\u0113n e duhur brezit tone t\u00eb ri n\u00eb funksion t\u00eb nd\u00ebrtimit t\u00eb s\u00eb ardhmes ton\u00eb t\u00eb p\u00ebrbashk\u00ebt.<\/p>\n<p>Ju uroj t\u00eb gjith\u00eb m\u00ebsuesve kudo ku jan\u00eb.<br \/>\nGEZUAR 7 MARSIN DiT\u00cbN E MISIONAR\u00cbVE T\u00cb DIJES.<br \/>\nSuksese kudo!<\/p>\n<p><img loading=\"lazy\" loading=\"lazy\" decoding=\"async\" src=\"https:\/\/neutrale.al\/wp-content\/uploads\/2024\/03\/0840b760-faa4-42dc-a006-b3bada880268-300x197.jpeg\" alt=\"\" width=\"300\" height=\"197\" class=\"alignnone size-medium wp-image-72023\" srcset=\"https:\/\/neutrale.al\/wp-content\/uploads\/2024\/03\/0840b760-faa4-42dc-a006-b3bada880268-300x197.jpeg 300w, https:\/\/neutrale.al\/wp-content\/uploads\/2024\/03\/0840b760-faa4-42dc-a006-b3bada880268-768x504.jpeg 768w, https:\/\/neutrale.al\/wp-content\/uploads\/2024\/03\/0840b760-faa4-42dc-a006-b3bada880268.jpeg 780w\" sizes=\"auto, (max-width: 300px) 100vw, 300px\" \/><\/p>\n","protected":false},"excerpt":{"rendered":"<p>N\u00eb respekt e mir\u00ebnjohje t\u00eb atdhetar\u00ebve q\u00eb kontribuan n\u00eb kristalizimin e Alfabetit t\u00eb Gjuh\u00ebs Shqipe, q\u00eb e folura e n\u00ebn\u00ebs t\u00eb shkruhet dhe t\u00eb lexohet. N\u00eb respekt e mir\u00ebnjohje t\u00eb m\u00ebsuesve q\u00eb sakrifikuan gjith\u00e7ka p\u00ebr hapjen e shkollave t\u00eb para shqipe n\u00eb t\u00eb gjith\u00eb trojet tona dhe m\u00eb gjer\u00eb, q\u00eb potenciali i kujtdo prej nesh [&hellip;]<\/p>\n","protected":false},"author":2,"featured_media":72024,"comment_status":"open","ping_status":"open","sticky":false,"template":"","format":"standard","meta":{"footnotes":""},"categories":[1],"tags":[],"class_list":{"0":"post-72022","1":"post","2":"type-post","3":"status-publish","4":"format-standard","5":"has-post-thumbnail","7":"category-te-tjera"},"_links":{"self":[{"href":"https:\/\/neutrale.al\/index.php\/wp-json\/wp\/v2\/posts\/72022","targetHints":{"allow":["GET"]}}],"collection":[{"href":"https:\/\/neutrale.al\/index.php\/wp-json\/wp\/v2\/posts"}],"about":[{"href":"https:\/\/neutrale.al\/index.php\/wp-json\/wp\/v2\/types\/post"}],"author":[{"embeddable":true,"href":"https:\/\/neutrale.al\/index.php\/wp-json\/wp\/v2\/users\/2"}],"replies":[{"embeddable":true,"href":"https:\/\/neutrale.al\/index.php\/wp-json\/wp\/v2\/comments?post=72022"}],"version-history":[{"count":2,"href":"https:\/\/neutrale.al\/index.php\/wp-json\/wp\/v2\/posts\/72022\/revisions"}],"predecessor-version":[{"id":72026,"href":"https:\/\/neutrale.al\/index.php\/wp-json\/wp\/v2\/posts\/72022\/revisions\/72026"}],"wp:featuredmedia":[{"embeddable":true,"href":"https:\/\/neutrale.al\/index.php\/wp-json\/wp\/v2\/media\/72024"}],"wp:attachment":[{"href":"https:\/\/neutrale.al\/index.php\/wp-json\/wp\/v2\/media?parent=72022"}],"wp:term":[{"taxonomy":"category","embeddable":true,"href":"https:\/\/neutrale.al\/index.php\/wp-json\/wp\/v2\/categories?post=72022"},{"taxonomy":"post_tag","embeddable":true,"href":"https:\/\/neutrale.al\/index.php\/wp-json\/wp\/v2\/tags?post=72022"}],"curies":[{"name":"wp","href":"https:\/\/api.w.org\/{rel}","templated":true}]}}