{"id":71994,"date":"2024-03-07T09:41:22","date_gmt":"2024-03-07T09:41:22","guid":{"rendered":"https:\/\/neutrale.al\/?p=71994"},"modified":"2024-03-07T09:41:22","modified_gmt":"2024-03-07T09:41:22","slug":"perplasje-ne-parlament-salianji-ironizon-deputetet-e-ps-jane-dele-koken-poshte-kartonin-lart","status":"publish","type":"post","link":"https:\/\/neutrale.al\/index.php\/2024\/03\/07\/perplasje-ne-parlament-salianji-ironizon-deputetet-e-ps-jane-dele-koken-poshte-kartonin-lart\/","title":{"rendered":"P\u00ebrplasje n\u00eb Parlament\/Salianji ironizon deputet\u00ebt e PS: Jan\u00eb dele! Kok\u00ebn posht\u00eb, kartonin lart!"},"content":{"rendered":"<p>Seanca e sotme plenare n\u00eb Kuvend ka nisur me protest\u00ebn e deputet\u00ebve t\u00eb opozit\u00ebs. Me nisjen e fjal\u00ebs hap\u00ebse s\u00eb n\u00ebnkryetare s\u00eb Kuvendit, Ermonela Felaj, deputet\u00ebt e opozit\u00ebs kan\u00eb bllokuar foltoren.<\/p>\n<p>Deputeti i PD, Ervin Salianji ka ironiozuar deputet\u00ebt e mazhoranc\u00ebs duke i quajtur dele.<\/p>\n<p>\u201cKok\u00ebn posht\u00eb kartonin lart, jan\u00eb dele\u201d, tha ai.<\/p>\n<p>Nd\u00ebrkoh\u00eb disa nga deputet\u00ebt mbanin n\u00eb duar pankarta ku lexohej:<\/p>\n<p>\u201cDemokracia vendoset me zgjedhje\u201d, \u201cNuk duam Parlament Monist\u201d.<\/p>\n","protected":false},"excerpt":{"rendered":"<p>Seanca e sotme plenare n\u00eb Kuvend ka nisur me protest\u00ebn e deputet\u00ebve t\u00eb opozit\u00ebs. Me nisjen e fjal\u00ebs hap\u00ebse s\u00eb n\u00ebnkryetare s\u00eb Kuvendit, Ermonela Felaj, deputet\u00ebt e opozit\u00ebs kan\u00eb bllokuar foltoren. Deputeti i PD, Ervin Salianji ka ironiozuar deputet\u00ebt e mazhoranc\u00ebs duke i quajtur dele. \u201cKok\u00ebn posht\u00eb kartonin lart, jan\u00eb dele\u201d, tha ai. Nd\u00ebrkoh\u00eb disa [&hellip;]<\/p>\n","protected":false},"author":2,"featured_media":71995,"comment_status":"open","ping_status":"open","sticky":false,"template":"","format":"standard","meta":{"footnotes":""},"categories":[118,9],"tags":[],"class_list":{"0":"post-71994","1":"post","2":"type-post","3":"status-publish","4":"format-standard","5":"has-post-thumbnail","7":"category-kryesore","8":"category-politika"},"_links":{"self":[{"href":"https:\/\/neutrale.al\/index.php\/wp-json\/wp\/v2\/posts\/71994","targetHints":{"allow":["GET"]}}],"collection":[{"href":"https:\/\/neutrale.al\/index.php\/wp-json\/wp\/v2\/posts"}],"about":[{"href":"https:\/\/neutrale.al\/index.php\/wp-json\/wp\/v2\/types\/post"}],"author":[{"embeddable":true,"href":"https:\/\/neutrale.al\/index.php\/wp-json\/wp\/v2\/users\/2"}],"replies":[{"embeddable":true,"href":"https:\/\/neutrale.al\/index.php\/wp-json\/wp\/v2\/comments?post=71994"}],"version-history":[{"count":1,"href":"https:\/\/neutrale.al\/index.php\/wp-json\/wp\/v2\/posts\/71994\/revisions"}],"predecessor-version":[{"id":71996,"href":"https:\/\/neutrale.al\/index.php\/wp-json\/wp\/v2\/posts\/71994\/revisions\/71996"}],"wp:featuredmedia":[{"embeddable":true,"href":"https:\/\/neutrale.al\/index.php\/wp-json\/wp\/v2\/media\/71995"}],"wp:attachment":[{"href":"https:\/\/neutrale.al\/index.php\/wp-json\/wp\/v2\/media?parent=71994"}],"wp:term":[{"taxonomy":"category","embeddable":true,"href":"https:\/\/neutrale.al\/index.php\/wp-json\/wp\/v2\/categories?post=71994"},{"taxonomy":"post_tag","embeddable":true,"href":"https:\/\/neutrale.al\/index.php\/wp-json\/wp\/v2\/tags?post=71994"}],"curies":[{"name":"wp","href":"https:\/\/api.w.org\/{rel}","templated":true}]}}