{"id":71980,"date":"2024-03-06T19:46:32","date_gmt":"2024-03-06T19:46:32","guid":{"rendered":"https:\/\/neutrale.al\/?p=71980"},"modified":"2024-03-06T19:46:32","modified_gmt":"2024-03-06T19:46:32","slug":"muzealizim-muzeu-apo-mumifikim-kulture","status":"publish","type":"post","link":"https:\/\/neutrale.al\/index.php\/2024\/03\/06\/muzealizim-muzeu-apo-mumifikim-kulture\/","title":{"rendered":"&#8220;Muzealizim&#8221; muzeu apo mumifikim kulture?!"},"content":{"rendered":"<p>Nga Iva V. Grillo<\/p>\n<p>4 vite plot do t\u00eb doj\u00eb procesi i &#8220;muzealizimit&#8221; t\u00eb Muzeut Komb\u00ebtar&#8230; <\/p>\n<p>Nd\u00ebrkoh\u00eb q\u00eb vrasim mendjen t\u00eb kuptojm\u00eb se \u00e7do t\u00eb thot\u00eb &#8220;muzealizim muzeu&#8221;, lind pyetja:<\/p>\n<p>\u00c7far\u00eb e ka penguar kryeministrin q\u00eb t\u00eb mos t&#8217;a linte &#8220;t\u00eb l\u00ebngonte barkzbrazur&#8221; nd\u00ebrtes\u00ebn e Muzeut Komb\u00ebtar?!<br \/>\n4 vite Minist\u00ebr Kulture dhe nja dyzine vitesh kryeminist\u00ebr&#8230;<\/p>\n<p>\u00c7far\u00eb nd\u00ebrtese mund t\u00eb k\u00ebrkoj\u00eb 4 vite p\u00ebr tu rikonstruktuar? &#8230;ve\u00e7 n\u00eb qoft\u00eb ndonj\u00eb muze me kulla mbi kok\u00eb&#8230;<\/p>\n<p>N\u00eb at\u00eb rast do t\u00eb kemi thjesht\u00eb mumifikim\/betonizim kulture!<\/p>\n","protected":false},"excerpt":{"rendered":"<p>Nga Iva V. Grillo 4 vite plot do t\u00eb doj\u00eb procesi i &#8220;muzealizimit&#8221; t\u00eb Muzeut Komb\u00ebtar&#8230; Nd\u00ebrkoh\u00eb q\u00eb vrasim mendjen t\u00eb kuptojm\u00eb se \u00e7do t\u00eb thot\u00eb &#8220;muzealizim muzeu&#8221;, lind pyetja: \u00c7far\u00eb e ka penguar kryeministrin q\u00eb t\u00eb mos t&#8217;a linte &#8220;t\u00eb l\u00ebngonte barkzbrazur&#8221; nd\u00ebrtes\u00ebn e Muzeut Komb\u00ebtar?! 4 vite Minist\u00ebr Kulture dhe nja dyzine vitesh [&hellip;]<\/p>\n","protected":false},"author":2,"featured_media":71981,"comment_status":"open","ping_status":"open","sticky":false,"template":"","format":"standard","meta":{"footnotes":""},"categories":[1],"tags":[],"class_list":{"0":"post-71980","1":"post","2":"type-post","3":"status-publish","4":"format-standard","5":"has-post-thumbnail","7":"category-te-tjera"},"_links":{"self":[{"href":"https:\/\/neutrale.al\/index.php\/wp-json\/wp\/v2\/posts\/71980","targetHints":{"allow":["GET"]}}],"collection":[{"href":"https:\/\/neutrale.al\/index.php\/wp-json\/wp\/v2\/posts"}],"about":[{"href":"https:\/\/neutrale.al\/index.php\/wp-json\/wp\/v2\/types\/post"}],"author":[{"embeddable":true,"href":"https:\/\/neutrale.al\/index.php\/wp-json\/wp\/v2\/users\/2"}],"replies":[{"embeddable":true,"href":"https:\/\/neutrale.al\/index.php\/wp-json\/wp\/v2\/comments?post=71980"}],"version-history":[{"count":1,"href":"https:\/\/neutrale.al\/index.php\/wp-json\/wp\/v2\/posts\/71980\/revisions"}],"predecessor-version":[{"id":71982,"href":"https:\/\/neutrale.al\/index.php\/wp-json\/wp\/v2\/posts\/71980\/revisions\/71982"}],"wp:featuredmedia":[{"embeddable":true,"href":"https:\/\/neutrale.al\/index.php\/wp-json\/wp\/v2\/media\/71981"}],"wp:attachment":[{"href":"https:\/\/neutrale.al\/index.php\/wp-json\/wp\/v2\/media?parent=71980"}],"wp:term":[{"taxonomy":"category","embeddable":true,"href":"https:\/\/neutrale.al\/index.php\/wp-json\/wp\/v2\/categories?post=71980"},{"taxonomy":"post_tag","embeddable":true,"href":"https:\/\/neutrale.al\/index.php\/wp-json\/wp\/v2\/tags?post=71980"}],"curies":[{"name":"wp","href":"https:\/\/api.w.org\/{rel}","templated":true}]}}