{"id":71973,"date":"2024-03-06T18:42:25","date_gmt":"2024-03-06T18:42:25","guid":{"rendered":"https:\/\/neutrale.al\/?p=71973"},"modified":"2024-03-06T18:42:25","modified_gmt":"2024-03-06T18:42:25","slug":"ministri-balla-dhuna-ndaj-grave-dhe-vajzave-po-shkaterron-shoqerine","status":"publish","type":"post","link":"https:\/\/neutrale.al\/index.php\/2024\/03\/06\/ministri-balla-dhuna-ndaj-grave-dhe-vajzave-po-shkaterron-shoqerine\/","title":{"rendered":"Ministri Balla: Dhuna ndaj grave dhe vajzave po shkat\u00ebrron shoq\u00ebrin\u00eb"},"content":{"rendered":"<p>Dhuna ndaj grave \u00ebsht\u00eb nj\u00eb shqet\u00ebsim serioz p\u00ebr shoq\u00ebrin\u00eb dhe shifrat e raportuara nga Policia e Shtetit, japin nj\u00eb panoram\u00eb t\u00eb qart\u00eb t\u00eb shtrirjes s\u00eb k\u00ebtij fenomeni.<\/p>\n<p>Ministri Balla u shpreh se n\u00eb dy muajt e par\u00eb t\u00eb vitit jan\u00eb raportuar 890 raste dhune n\u00eb familje, kryesisht me baz\u00eb gjinore dhe jan\u00eb l\u00ebshuar nga gjykata, 465 urdhra mbrojtjeje p\u00ebr gra e vajza.<\/p>\n<p>\u201cSa her\u00eb q\u00eb shoh shifrat q\u00eb m\u00eb raportojn\u00eb nga Policia e Shtetit m\u00eb duket e papranueshme q\u00eb shoq\u00ebria jon\u00eb t\u00eb shfaq\u00eb k\u00ebto tendenca. P.sh., vet\u00ebm n\u00eb dy muajt e par\u00eb t\u00eb k\u00ebtij viti kemi 890 raste t\u00eb raportuara p\u00ebr dhun\u00eb dhe jan\u00eb 465 urdhra mbrojtjeje p\u00ebr vajza dhe gra. N\u00eb m\u00ebnyr\u00eb q\u00eb ta luftojm\u00eb si duhet k\u00ebt\u00eb fenomen e kjo luft\u00eb t\u00eb fitohet ose, t\u00eb pakt\u00ebn, fillon t\u00eb sh\u00ebrohet, n\u00ebse krijojm\u00eb nj\u00eb koalicion mbar\u00ebkomb\u00ebtar p\u00ebr t\u2019i nxjerr\u00eb rastet pozitive t\u00eb shp\u00ebtimit ndaj dhun\u00ebs si nj\u00eb fitore\u201d\u00a0\u2013 u shpreh Balla.<\/p>\n","protected":false},"excerpt":{"rendered":"<p>Dhuna ndaj grave \u00ebsht\u00eb nj\u00eb shqet\u00ebsim serioz p\u00ebr shoq\u00ebrin\u00eb dhe shifrat e raportuara nga Policia e Shtetit, japin nj\u00eb panoram\u00eb t\u00eb qart\u00eb t\u00eb shtrirjes s\u00eb k\u00ebtij fenomeni. Ministri Balla u shpreh se n\u00eb dy muajt e par\u00eb t\u00eb vitit jan\u00eb raportuar 890 raste dhune n\u00eb familje, kryesisht me baz\u00eb gjinore dhe jan\u00eb l\u00ebshuar nga gjykata, [&hellip;]<\/p>\n","protected":false},"author":2,"featured_media":71974,"comment_status":"open","ping_status":"open","sticky":false,"template":"","format":"standard","meta":{"footnotes":""},"categories":[118],"tags":[],"class_list":{"0":"post-71973","1":"post","2":"type-post","3":"status-publish","4":"format-standard","5":"has-post-thumbnail","7":"category-kryesore"},"_links":{"self":[{"href":"https:\/\/neutrale.al\/index.php\/wp-json\/wp\/v2\/posts\/71973","targetHints":{"allow":["GET"]}}],"collection":[{"href":"https:\/\/neutrale.al\/index.php\/wp-json\/wp\/v2\/posts"}],"about":[{"href":"https:\/\/neutrale.al\/index.php\/wp-json\/wp\/v2\/types\/post"}],"author":[{"embeddable":true,"href":"https:\/\/neutrale.al\/index.php\/wp-json\/wp\/v2\/users\/2"}],"replies":[{"embeddable":true,"href":"https:\/\/neutrale.al\/index.php\/wp-json\/wp\/v2\/comments?post=71973"}],"version-history":[{"count":2,"href":"https:\/\/neutrale.al\/index.php\/wp-json\/wp\/v2\/posts\/71973\/revisions"}],"predecessor-version":[{"id":71976,"href":"https:\/\/neutrale.al\/index.php\/wp-json\/wp\/v2\/posts\/71973\/revisions\/71976"}],"wp:featuredmedia":[{"embeddable":true,"href":"https:\/\/neutrale.al\/index.php\/wp-json\/wp\/v2\/media\/71974"}],"wp:attachment":[{"href":"https:\/\/neutrale.al\/index.php\/wp-json\/wp\/v2\/media?parent=71973"}],"wp:term":[{"taxonomy":"category","embeddable":true,"href":"https:\/\/neutrale.al\/index.php\/wp-json\/wp\/v2\/categories?post=71973"},{"taxonomy":"post_tag","embeddable":true,"href":"https:\/\/neutrale.al\/index.php\/wp-json\/wp\/v2\/tags?post=71973"}],"curies":[{"name":"wp","href":"https:\/\/api.w.org\/{rel}","templated":true}]}}