{"id":71963,"date":"2024-03-06T17:50:41","date_gmt":"2024-03-06T17:50:41","guid":{"rendered":"https:\/\/neutrale.al\/?p=71963"},"modified":"2024-03-06T17:50:41","modified_gmt":"2024-03-06T17:50:41","slug":"konflikt-familjar-ne-sarande-nusja-22-vjecare-godet-me-thike-bashkeshortin","status":"publish","type":"post","link":"https:\/\/neutrale.al\/index.php\/2024\/03\/06\/konflikt-familjar-ne-sarande-nusja-22-vjecare-godet-me-thike-bashkeshortin\/","title":{"rendered":"Konflikt familjar n\u00eb Sarand\u00eb\/ Nusja 22- vje\u00e7are godet me thik\u00eb bashk\u00ebshortin"},"content":{"rendered":"<p>Ka degraduar n\u00eb plagosje konflikti mes nj\u00eb \u00e7ifti bashk\u00ebshort\u00ebsh n\u00eb Sarand\u00eb.<br \/>\nNjoftimi paraprak b\u00ebn me dije se nj\u00eb 22-vje\u00e7are ka goditur dhe plagosur me thik\u00eb bashk\u00ebshortin e saj.<br \/>\nPolicia dhe autoambulanca kan\u00eb mb\u00ebrritur pran\u00eb banes\u00ebs s\u00eb \u00e7iftit.<\/p>\n<p>Pritet deklarata zyrtare e Policis\u00eb s\u00eb Shtetit<\/p>\n","protected":false},"excerpt":{"rendered":"<p>Ka degraduar n\u00eb plagosje konflikti mes nj\u00eb \u00e7ifti bashk\u00ebshort\u00ebsh n\u00eb Sarand\u00eb. Njoftimi paraprak b\u00ebn me dije se nj\u00eb 22-vje\u00e7are ka goditur dhe plagosur me thik\u00eb bashk\u00ebshortin e saj. Policia dhe autoambulanca kan\u00eb mb\u00ebrritur pran\u00eb banes\u00ebs s\u00eb \u00e7iftit. Pritet deklarata zyrtare e Policis\u00eb s\u00eb Shtetit<\/p>\n","protected":false},"author":2,"featured_media":71964,"comment_status":"open","ping_status":"open","sticky":false,"template":"","format":"standard","meta":{"footnotes":""},"categories":[117],"tags":[27],"class_list":{"0":"post-71963","1":"post","2":"type-post","3":"status-publish","4":"format-standard","5":"has-post-thumbnail","7":"category-aktualitet","8":"tag-lajme"},"_links":{"self":[{"href":"https:\/\/neutrale.al\/index.php\/wp-json\/wp\/v2\/posts\/71963","targetHints":{"allow":["GET"]}}],"collection":[{"href":"https:\/\/neutrale.al\/index.php\/wp-json\/wp\/v2\/posts"}],"about":[{"href":"https:\/\/neutrale.al\/index.php\/wp-json\/wp\/v2\/types\/post"}],"author":[{"embeddable":true,"href":"https:\/\/neutrale.al\/index.php\/wp-json\/wp\/v2\/users\/2"}],"replies":[{"embeddable":true,"href":"https:\/\/neutrale.al\/index.php\/wp-json\/wp\/v2\/comments?post=71963"}],"version-history":[{"count":1,"href":"https:\/\/neutrale.al\/index.php\/wp-json\/wp\/v2\/posts\/71963\/revisions"}],"predecessor-version":[{"id":71965,"href":"https:\/\/neutrale.al\/index.php\/wp-json\/wp\/v2\/posts\/71963\/revisions\/71965"}],"wp:featuredmedia":[{"embeddable":true,"href":"https:\/\/neutrale.al\/index.php\/wp-json\/wp\/v2\/media\/71964"}],"wp:attachment":[{"href":"https:\/\/neutrale.al\/index.php\/wp-json\/wp\/v2\/media?parent=71963"}],"wp:term":[{"taxonomy":"category","embeddable":true,"href":"https:\/\/neutrale.al\/index.php\/wp-json\/wp\/v2\/categories?post=71963"},{"taxonomy":"post_tag","embeddable":true,"href":"https:\/\/neutrale.al\/index.php\/wp-json\/wp\/v2\/tags?post=71963"}],"curies":[{"name":"wp","href":"https:\/\/api.w.org\/{rel}","templated":true}]}}