{"id":71960,"date":"2024-03-06T17:49:56","date_gmt":"2024-03-06T17:49:56","guid":{"rendered":"https:\/\/neutrale.al\/?p=71960"},"modified":"2024-03-06T17:49:56","modified_gmt":"2024-03-06T17:49:56","slug":"fermeret-polake-e-ndezin-varshaven-ne-flake-perleshje-te-dhunshme-me-policine","status":"publish","type":"post","link":"https:\/\/neutrale.al\/index.php\/2024\/03\/06\/fermeret-polake-e-ndezin-varshaven-ne-flake-perleshje-te-dhunshme-me-policine\/","title":{"rendered":"Fermer\u00ebt polak\u00eb e ndezin Varshav\u00ebn n\u00eb flak\u00eb\/ P\u00ebrleshje t\u00eb dhunshme me policin\u00eb"},"content":{"rendered":"<p>Protestat e dhunshme pushtojn\u00eb Polonin\u00eb teksa fermer\u00ebt p\u00ebrleshen me policin\u00eb p\u00ebr importet e Ukrain\u00ebs.<\/p>\n<p>Gjith\u00eb mediat e m\u00ebdha nd\u00ebrkomb\u00ebtare i kan\u00eb jehon\u00eb protest\u00ebs s\u00eb dhunshme q\u00eb ka ndodhur sot n\u00eb kryeqytetin e vendit, Varshav\u00eb.<\/p>\n<p>Polonia pa protest\u00ebn e saj m\u00eb t\u00eb dhunshme nga fermer\u00ebt dhe mb\u00ebshtet\u00ebsit t\u00eb m\u00ebrkur\u00ebn, pasi disa pjes\u00ebmarr\u00ebs hodh\u00ebn gur\u00eb ndaj policis\u00eb dhe u p\u00ebrpoq\u00ebn t\u00eb kalonin barrierat rreth parlamentit, duke plagosur disa oficer\u00eb, tha policia, shkruan Fox News.<\/p>\n<p>Policia tha se ka arrestuar mbi nj\u00eb duzin\u00eb persona dhe i ka penguar protestuesit t\u00eb kalojn\u00eb n\u00eb Sejm, parlamenti polak. Fermer\u00ebt jan\u00eb t\u00eb zem\u00ebruar p\u00ebr politikat klimatike t\u00eb Bashkimit Evropian dhe importet e ushqimit nga Ukraina q\u00eb ata thon\u00eb se k\u00ebrc\u00ebnojn\u00eb jetes\u00ebn e tyre. Protesta t\u00eb tilla kan\u00eb ndodhur n\u00eb t\u00eb gjith\u00eb BE-n\u00eb 27-an\u00ebtare n\u00eb jav\u00ebt e fundit, por kjo ishte padyshim m\u00eb e zem\u00ebruar se demonstratat e m\u00ebparshme n\u00eb vendin e Evrop\u00ebs Qendrore.<\/p>\n","protected":false},"excerpt":{"rendered":"<p>Protestat e dhunshme pushtojn\u00eb Polonin\u00eb teksa fermer\u00ebt p\u00ebrleshen me policin\u00eb p\u00ebr importet e Ukrain\u00ebs. Gjith\u00eb mediat e m\u00ebdha nd\u00ebrkomb\u00ebtare i kan\u00eb jehon\u00eb protest\u00ebs s\u00eb dhunshme q\u00eb ka ndodhur sot n\u00eb kryeqytetin e vendit, Varshav\u00eb. Polonia pa protest\u00ebn e saj m\u00eb t\u00eb dhunshme nga fermer\u00ebt dhe mb\u00ebshtet\u00ebsit t\u00eb m\u00ebrkur\u00ebn, pasi disa pjes\u00ebmarr\u00ebs hodh\u00ebn gur\u00eb ndaj policis\u00eb [&hellip;]<\/p>\n","protected":false},"author":2,"featured_media":71961,"comment_status":"open","ping_status":"open","sticky":false,"template":"","format":"standard","meta":{"footnotes":""},"categories":[12],"tags":[27],"class_list":{"0":"post-71960","1":"post","2":"type-post","3":"status-publish","4":"format-standard","5":"has-post-thumbnail","7":"category-bota","8":"tag-lajme"},"_links":{"self":[{"href":"https:\/\/neutrale.al\/index.php\/wp-json\/wp\/v2\/posts\/71960","targetHints":{"allow":["GET"]}}],"collection":[{"href":"https:\/\/neutrale.al\/index.php\/wp-json\/wp\/v2\/posts"}],"about":[{"href":"https:\/\/neutrale.al\/index.php\/wp-json\/wp\/v2\/types\/post"}],"author":[{"embeddable":true,"href":"https:\/\/neutrale.al\/index.php\/wp-json\/wp\/v2\/users\/2"}],"replies":[{"embeddable":true,"href":"https:\/\/neutrale.al\/index.php\/wp-json\/wp\/v2\/comments?post=71960"}],"version-history":[{"count":1,"href":"https:\/\/neutrale.al\/index.php\/wp-json\/wp\/v2\/posts\/71960\/revisions"}],"predecessor-version":[{"id":71962,"href":"https:\/\/neutrale.al\/index.php\/wp-json\/wp\/v2\/posts\/71960\/revisions\/71962"}],"wp:featuredmedia":[{"embeddable":true,"href":"https:\/\/neutrale.al\/index.php\/wp-json\/wp\/v2\/media\/71961"}],"wp:attachment":[{"href":"https:\/\/neutrale.al\/index.php\/wp-json\/wp\/v2\/media?parent=71960"}],"wp:term":[{"taxonomy":"category","embeddable":true,"href":"https:\/\/neutrale.al\/index.php\/wp-json\/wp\/v2\/categories?post=71960"},{"taxonomy":"post_tag","embeddable":true,"href":"https:\/\/neutrale.al\/index.php\/wp-json\/wp\/v2\/tags?post=71960"}],"curies":[{"name":"wp","href":"https:\/\/api.w.org\/{rel}","templated":true}]}}