{"id":71943,"date":"2024-03-06T17:12:08","date_gmt":"2024-03-06T17:12:08","guid":{"rendered":"https:\/\/neutrale.al\/?p=71943"},"modified":"2024-03-06T17:12:08","modified_gmt":"2024-03-06T17:12:08","slug":"muzeu-historik-mbyllet-per-4-vite-rikonstruksion-perseri-mbyllja-per-4-vjet-e-muzeut-historik-ja-cfare-parashikon-projekti-i-rikonstruktimit","status":"publish","type":"post","link":"https:\/\/neutrale.al\/index.php\/2024\/03\/06\/muzeu-historik-mbyllet-per-4-vite-rikonstruksion-perseri-mbyllja-per-4-vjet-e-muzeut-historik-ja-cfare-parashikon-projekti-i-rikonstruktimit\/","title":{"rendered":"Muzeu Historik mbyllet p\u00ebr 4 vite, rikonstruksion p\u00ebrs\u00ebri\/  Mbyllja p\u00ebr 4 vjet e Muzeut Historik, ja \u00e7far\u00eb parashikon projekti i rikonstruktimit"},"content":{"rendered":"<p>Teksa turet kulturore ziejn\u00eb n\u00eb kryeqytet dhe pritet q\u00eb intensiteti i tyre t\u00eb rritet n\u00eb k\u00ebto muaj dyert e Muzeut Historik Komb\u00ebtar do t\u00eb mbyllen dhe jo p\u00ebr pak por p\u00ebr plot 4 vite.<\/p>\n<p>N\u00eb nj\u00eb njoftim t\u00eb shkurt\u00ebr pa dh\u00ebn\u00eb kurrfar\u00eb detaji, ky institucion njoftoi pal\u00ebt e interesit se nuk do t\u00eb mund ta vizitojn\u00eb deri m\u00eb 15 mars 2028.<\/p>\n<p>\u201cT\u00eb nderuar drejtues t\u00eb agjencive turistike, drejtues t\u00eb tureve kulturore dhe pal\u00eb t\u00eb tjera t\u00eb interesuara, ju b\u00ebjm\u00eb me dije se: \u00a0N\u00eb kuad\u00ebr t\u00eb zbatimit t\u00eb projektit \u201cRestaurimi, rikonstruksioni dhe muzealizimi i Muzeut Historik Komb\u00ebtar, Tiran\u00eb\u201d, Muzeu Historik Komb\u00ebtar do t\u00eb jet\u00eb i mbyllur p\u00ebr vizitor\u00ebt p\u00ebr periudh\u00ebn 15 Mars 2024 deri m\u00eb dat\u00eb 15 Mars 2028\u201d thuhet n\u00eb njoftimin e Muzeut Historik Komb\u00ebtar.<\/p>\n<p>Ky shpjegim i shkurt\u00ebr pa dh\u00ebn\u00eb asnj\u00eb informacion se cilat jan\u00eb arsyet q\u00eb p\u00ebr gati 1500 dit\u00eb institucioni nuk do t\u00eb pres\u00eb vizitor\u00eb jo pa arsye krijoi pak\u00ebnaq\u00ebsi n\u00eb rrjet sidomos nga ata sektori i turizmit t\u00eb cil\u00ebt e kan\u00eb pjes\u00eb t\u00eb paketave t\u00eb tyre madje disa edhe t\u00eb promovuara m\u00eb her\u00ebt. Pavar\u00ebsisht munges\u00ebs s\u00eb informacionit duket se t\u00eb dh\u00ebnat p\u00ebr projektin q\u00eb do t\u00eb zbatohet mund t\u00eb gjenden n\u00eb procedur\u00ebn e prokurimit p\u00ebr k\u00ebt\u00eb kontrat\u00eb i cili shoq\u00ebrohet me disa dokumente.<\/p>\n<p>Projekti p\u00ebr Muzeun<\/p>\n<p>Restaurimi i Muzeut Historik Komb\u00ebtar cil\u00ebsohet si nj\u00eb projekt prioritar n\u00eb dokumente por n\u00eb veprime ecuria ka qen\u00eb shum\u00eb e ngadalt\u00eb deri n\u00eb mbylljen e beft\u00eb q\u00eb u njoftua k\u00ebt\u00eb jav\u00eb. Sipas dokumenteve Muzeu \u00ebsht\u00eb pjes\u00eb e list\u00ebs s\u00eb institucioneve t\u00eb trash\u00ebgimis\u00eb kulturore komb\u00ebtare q\u00eb rezultoi me d\u00ebmtime pas vler\u00ebsimit t\u00eb t\u00ebrmetit t\u00eb 26 n\u00ebntorit 2019 dhe me nj\u00eb nevoj\u00eb p\u00ebr nd\u00ebrhyrje.<\/p>\n<p>\u201cProjekti i ri i restaurimit dhe rind\u00ebrtimit t\u00eb Muzeut Historik Komb\u00ebtar integrohet n\u00eb nj\u00eb projekt i vet\u00ebm teknik zgjidhjet teknike t\u00eb k\u00ebrkuara p\u00ebr restaurimin e d\u00ebmtimeve dhe t\u00eb mundshme p\u00ebrforcimi i strukturave t\u00eb d\u00ebmtuara me zgjidhjet teknike p\u00ebr restaurimin, rikonstruksionin, dhe rinovimi i godin\u00ebs u fokusua n\u00eb p\u00ebrdit\u00ebsimin e muzeologjis\u00eb dhe funksionalitetit t\u00eb saj. Projekti merr n\u00eb shqyrtim t\u00eb projektit t\u00eb miratuar \u201cNd\u00ebrhyrja p\u00ebrforcuese dhe rehabilitimi i 12 objekteve n\u00eb Bashkin\u00eb Tiran\u00eb, Kruj\u00eb, Lezh\u00eb, Kavaj\u00eb, Mirdit\u00eb: Muzeu Historik Komb\u00ebtar\u201d, i cili lidhet. p\u00ebr problemet e shkaktuara nga t\u00ebrmeti, i cili \u00ebsht\u00eb miratuar me vendimin nr. 536, dt 24.12.2022\u201d thuhet n\u00eb dokument.\u201d Thuhet n\u00eb dokument.<\/p>\n<p>I nj\u00ebjti n\u00ebnvizon se Muzeu Historik Komb\u00ebtar (MHK) ka n\u00eb fondet e tij me objekte t\u00eb trash\u00ebgimis\u00eb kulturore shqiptare. \u201cNj\u00eb pjes\u00eb interesante e t\u00eb cilave i p\u00ebrkasin periudhave nga paleoliti deri n\u00eb antikitetin e von\u00eb (shek. IV p.e.s.). K\u00ebto jan\u00eb ekspozuar n\u00eb kuad\u00ebr t\u00eb Pavijonit t\u00eb Arkeologjis\u00eb, i cili ka mbi 400 objekte n\u00eb vetvete. Muzeu \u00ebsht\u00eb konceptuar n\u00eb m\u00ebnyr\u00eb q\u00eb prezantimi t\u00eb b\u00ebhet p\u00ebrmes tet\u00eb pavioneve. \u2013 Pavijoni antik; \u2010 Pavioni mesjetar; \u2013 Pavioni i Rilindjes Komb\u00ebtare; \u2010 Pavioni i Pavar\u00ebsis\u00eb; \u2010 Pavioni i ikonave; \u2010 Nacional-\u00c7lirimi Anfashist Pavioni i Luft\u00ebs; \u2010 Pavioni i Terrorit Komunist; \u2010 Pavioni N\u00ebn\u00eb Tereza. Statusi i \u201cMuzeut Historik Komb\u00ebtar, Tiran\u00eb\u201d\u201d thuhet n\u00eb dokument.<\/p>\n<p>\u00c7far\u00eb parashikojn\u00eb punimet dhe afatet<\/p>\n<p>N\u00ebse i referohemi dokumenteve t\u00eb procedur\u00ebs nd\u00ebrhyrja tek Muzeu parashikon disa faza si dhe afatet q\u00eb do ket\u00eb secila prej tyre.<\/p>\n<p>K\u00ebshtu paketimi dhe evakuimi i objekteve (Koh\u00ebzgjatja e pritshme e punimeve: maksimumi 4 kumulative muaj n\u00eb faza t\u00eb ndryshme t\u00eb periudh\u00ebs s\u00eb zbatimit.<\/p>\n<p>Konsolidimi i struktur\u00ebs ekzistuese (p\u00ebrfshir\u00eb punimet e prishjes) (Koh\u00ebzgjatja e pritshme e Puna: maksimumi 12 muaj).\u00a0 Restaurimi i fasad\u00ebs prej guri t\u00eb oborrit t\u00eb jasht\u00ebm dhe t\u00eb brendsh\u00ebm dhe dritareve\/dyerve (Pritet koh\u00ebzgjatja e punimeve: maksimumi 9 muaj) Riparimi i \u00e7atis\u00eb (Koh\u00ebzgjatja e pritshme e punimeve: maksimumi 5 muaj).\u00a0 Nd\u00ebrkoh\u00eb nd\u00ebrhyrjet parashikojn\u00eb investime n\u00eb eficienc\u00eb energjie si dhe respektim t\u00eb euro kodeve.<br \/>\n<a href=\"https:\/\/www.monitor.al\/mbyllja-per-4-vjet-e-muzeut-historik-ja-cfare-parashikon-projekti-i-rikonstruktimit\/?fbclid=IwAR1ltKLM7qSSP44M4bWYn6ACXSqwCTTpiHaZ9YwwhFqnDu8o0SPhBdDzIPI\">Monitor.al<\/a><\/p>\n","protected":false},"excerpt":{"rendered":"<p>Teksa turet kulturore ziejn\u00eb n\u00eb kryeqytet dhe pritet q\u00eb intensiteti i tyre t\u00eb rritet n\u00eb k\u00ebto muaj dyert e Muzeut Historik Komb\u00ebtar do t\u00eb mbyllen dhe jo p\u00ebr pak por p\u00ebr plot 4 vite. N\u00eb nj\u00eb njoftim t\u00eb shkurt\u00ebr pa dh\u00ebn\u00eb kurrfar\u00eb detaji, ky institucion njoftoi pal\u00ebt e interesit se nuk do t\u00eb mund ta [&hellip;]<\/p>\n","protected":false},"author":2,"featured_media":71944,"comment_status":"open","ping_status":"open","sticky":false,"template":"","format":"standard","meta":{"footnotes":""},"categories":[118],"tags":[],"class_list":{"0":"post-71943","1":"post","2":"type-post","3":"status-publish","4":"format-standard","5":"has-post-thumbnail","7":"category-kryesore"},"_links":{"self":[{"href":"https:\/\/neutrale.al\/index.php\/wp-json\/wp\/v2\/posts\/71943","targetHints":{"allow":["GET"]}}],"collection":[{"href":"https:\/\/neutrale.al\/index.php\/wp-json\/wp\/v2\/posts"}],"about":[{"href":"https:\/\/neutrale.al\/index.php\/wp-json\/wp\/v2\/types\/post"}],"author":[{"embeddable":true,"href":"https:\/\/neutrale.al\/index.php\/wp-json\/wp\/v2\/users\/2"}],"replies":[{"embeddable":true,"href":"https:\/\/neutrale.al\/index.php\/wp-json\/wp\/v2\/comments?post=71943"}],"version-history":[{"count":1,"href":"https:\/\/neutrale.al\/index.php\/wp-json\/wp\/v2\/posts\/71943\/revisions"}],"predecessor-version":[{"id":71945,"href":"https:\/\/neutrale.al\/index.php\/wp-json\/wp\/v2\/posts\/71943\/revisions\/71945"}],"wp:featuredmedia":[{"embeddable":true,"href":"https:\/\/neutrale.al\/index.php\/wp-json\/wp\/v2\/media\/71944"}],"wp:attachment":[{"href":"https:\/\/neutrale.al\/index.php\/wp-json\/wp\/v2\/media?parent=71943"}],"wp:term":[{"taxonomy":"category","embeddable":true,"href":"https:\/\/neutrale.al\/index.php\/wp-json\/wp\/v2\/categories?post=71943"},{"taxonomy":"post_tag","embeddable":true,"href":"https:\/\/neutrale.al\/index.php\/wp-json\/wp\/v2\/tags?post=71943"}],"curies":[{"name":"wp","href":"https:\/\/api.w.org\/{rel}","templated":true}]}}