{"id":71931,"date":"2024-03-06T13:05:20","date_gmt":"2024-03-06T13:05:20","guid":{"rendered":"https:\/\/neutrale.al\/?p=71931"},"modified":"2024-03-06T13:05:20","modified_gmt":"2024-03-06T13:05:20","slug":"lushnje-vdes-70-vjecari-qe-u-qellua-me-arme-zjarri-nga-i-vellai","status":"publish","type":"post","link":"https:\/\/neutrale.al\/index.php\/2024\/03\/06\/lushnje-vdes-70-vjecari-qe-u-qellua-me-arme-zjarri-nga-i-vellai\/","title":{"rendered":"Lushnj\u00eb\/ Vdes 70-vje\u00e7ari q\u00eb u q\u00ebllua me arm\u00eb zjarri nga i v\u00ebllai"},"content":{"rendered":"<p>Azis Musaj, 70-vje\u00e7ari i cili u q\u00ebllua me arm\u00eb zjarri nga i v\u00ebllai n\u00eb fshatin \u00c7uk\u00eb e vjet\u00ebr t\u00eb Lushnjes, ka humbur jet\u00ebn n\u00eb spitalin e Traum\u00ebs n\u00eb Tiran\u00ebs.<\/p>\n<p>Azis Musaj u p\u00ebrfshi n\u00eb nj\u00eb konflikt me v\u00ebllan\u00eb e tij Nazif Musaj, 77 vje\u00e7.<\/p>\n<p>Sherri ndodhi rreth or\u00ebs 8 t\u00eb m\u00ebngjesit dhe sipas bluve, ka pasur si shkak mosmarr\u00ebveshjet q\u00eb kishin pal\u00ebt p\u00ebr \u00e7\u00ebshtje pron\u00ebsie. Konflikti mes v\u00ebllez\u00ebrve degradoi n\u00eb at\u00eb pik\u00eb, sa q\u00eb sipas policis\u00eb, Azis Musaj ka goditur me sopat\u00eb v\u00ebllan\u00eb e tij Nazifin, nd\u00ebrsa ky i fundit e ka q\u00eblluar t\u00eb parin me arm\u00eb zjarri.<\/p>\n<p>T\u00eb dy u transportuan n\u00eb spital p\u00ebr t\u00eb marr\u00eb ndihm\u00eb mjek\u00ebsore. Nazif Musaj u plagos me s\u00ebpat\u00eb n\u00eb dor\u00eb dhe fytyr\u00eb, nd\u00ebrsa v\u00ebllai i tij Azisi u plagos me plumb n\u00eb kok\u00eb edhe u transportua n\u00eb gjendje t\u00eb r\u00ebnd\u00eb n\u00eb spitalin e Traum\u00ebs n\u00eb Tiran\u00ebs, ku edhe humbi jet\u00ebn.<\/p>\n<p>Arma e zjarrit dhe sopata, t\u00eb p\u00ebrdoruara gjat\u00eb konfliktit, jan\u00eb sekuestruar.<\/p>\n","protected":false},"excerpt":{"rendered":"<p>Azis Musaj, 70-vje\u00e7ari i cili u q\u00ebllua me arm\u00eb zjarri nga i v\u00ebllai n\u00eb fshatin \u00c7uk\u00eb e vjet\u00ebr t\u00eb Lushnjes, ka humbur jet\u00ebn n\u00eb spitalin e Traum\u00ebs n\u00eb Tiran\u00ebs. Azis Musaj u p\u00ebrfshi n\u00eb nj\u00eb konflikt me v\u00ebllan\u00eb e tij Nazif Musaj, 77 vje\u00e7. Sherri ndodhi rreth or\u00ebs 8 t\u00eb m\u00ebngjesit dhe sipas bluve, ka [&hellip;]<\/p>\n","protected":false},"author":2,"featured_media":71932,"comment_status":"open","ping_status":"open","sticky":false,"template":"","format":"standard","meta":{"footnotes":""},"categories":[117],"tags":[27],"class_list":{"0":"post-71931","1":"post","2":"type-post","3":"status-publish","4":"format-standard","5":"has-post-thumbnail","7":"category-aktualitet","8":"tag-lajme"},"_links":{"self":[{"href":"https:\/\/neutrale.al\/index.php\/wp-json\/wp\/v2\/posts\/71931","targetHints":{"allow":["GET"]}}],"collection":[{"href":"https:\/\/neutrale.al\/index.php\/wp-json\/wp\/v2\/posts"}],"about":[{"href":"https:\/\/neutrale.al\/index.php\/wp-json\/wp\/v2\/types\/post"}],"author":[{"embeddable":true,"href":"https:\/\/neutrale.al\/index.php\/wp-json\/wp\/v2\/users\/2"}],"replies":[{"embeddable":true,"href":"https:\/\/neutrale.al\/index.php\/wp-json\/wp\/v2\/comments?post=71931"}],"version-history":[{"count":1,"href":"https:\/\/neutrale.al\/index.php\/wp-json\/wp\/v2\/posts\/71931\/revisions"}],"predecessor-version":[{"id":71933,"href":"https:\/\/neutrale.al\/index.php\/wp-json\/wp\/v2\/posts\/71931\/revisions\/71933"}],"wp:featuredmedia":[{"embeddable":true,"href":"https:\/\/neutrale.al\/index.php\/wp-json\/wp\/v2\/media\/71932"}],"wp:attachment":[{"href":"https:\/\/neutrale.al\/index.php\/wp-json\/wp\/v2\/media?parent=71931"}],"wp:term":[{"taxonomy":"category","embeddable":true,"href":"https:\/\/neutrale.al\/index.php\/wp-json\/wp\/v2\/categories?post=71931"},{"taxonomy":"post_tag","embeddable":true,"href":"https:\/\/neutrale.al\/index.php\/wp-json\/wp\/v2\/tags?post=71931"}],"curies":[{"name":"wp","href":"https:\/\/api.w.org\/{rel}","templated":true}]}}