{"id":71922,"date":"2024-03-06T12:29:44","date_gmt":"2024-03-06T12:29:44","guid":{"rendered":"https:\/\/neutrale.al\/?p=71922"},"modified":"2024-03-06T12:29:44","modified_gmt":"2024-03-06T12:29:44","slug":"washington-post-victoria-nuland-largohet-nga-departamenti-i-shtetit-mister-arsyet","status":"publish","type":"post","link":"https:\/\/neutrale.al\/index.php\/2024\/03\/06\/washington-post-victoria-nuland-largohet-nga-departamenti-i-shtetit-mister-arsyet\/","title":{"rendered":"Washington Post: Victoria Nuland largohet nga Departamenti i Shtetit, mister arsyet"},"content":{"rendered":"<p>Nj\u00eb nga skifter\u00ebt m\u00eb t\u00eb ashp\u00ebr t\u00eb Rusis\u00eb t\u00eb administrat\u00ebs Biden dhe zyrtarja e tret\u00eb e Departamentit t\u00eb Shtetit, Victoria Nuland, ka n\u00eb plan t\u00eb t\u00ebrhiqet brenda disa jav\u00ebsh, tha t\u00eb mart\u00ebn Sekretari i Shtetit Antony Blinken, duke l\u00ebn\u00eb nj\u00eb boshll\u00ebk n\u00eb radh\u00ebt e larta t\u00eb SHBA. diplomacia si kriza n\u00eb Lindjen e Mesme dhe Ukrain\u00eb k\u00ebrc\u00ebnojn\u00eb t\u00eb shnd\u00ebrrohen n\u00eb zjarre m\u00eb t\u00eb gjera.<\/p>\n<p>Nuland, n\u00ebnsekretarja e shtetit p\u00ebr \u00e7\u00ebshtjet politike, ka sh\u00ebrbyer m\u00eb par\u00eb si diplomatja kryesore e departamentit me fokus n\u00eb Evrop\u00eb gjat\u00eb administrat\u00ebs s\u00eb Obam\u00ebs dhe ishte gjer\u00ebsisht e popullarizuar n\u00eb radh\u00ebt e agjencis\u00eb. Brenda nj\u00eb burokracie t\u00eb shtr\u00ebnguar q\u00eb ndonj\u00ebher\u00eb shp\u00ebrblen but\u00ebsin\u00eb dhe kujdesin, ajo u dallua p\u00ebr mendimet e saj t\u00eb pazbardhura dhe qasjen e ashp\u00ebr ndaj Kremlinit, gj\u00eb q\u00eb e demonizoi at\u00eb.<\/p>\n<p>Nuland kishte sh\u00ebrbyer si Nr. 2 zyrtar, ushtrues detyre i zv\/sekretarit t\u00eb shtetit, p\u00ebr shtat\u00eb muaj duke filluar nga viti i kaluar pas daljes n\u00eb pension t\u00eb Wendy Sherman. Por ajo humbi nj\u00eb luft\u00eb brenda administrat\u00ebs p\u00ebr t\u2019u em\u00ebruar p\u00ebrgjithmon\u00eb n\u00eb detyr\u00eb nga Kurt Campbell, dikur strategu kryesor i Sht\u00ebpis\u00eb s\u00eb Bardh\u00eb n\u00eb Azi, i cili u konfirmua muajin e kaluar. Vendimi i Presidentit Biden ishte nj\u00eb nga faktor\u00ebt e largimit t\u00eb saj. Ndryshimet e personelit nuk l\u00ebn\u00eb asnj\u00eb grua n\u00eb treshen m\u00eb t\u00eb lart\u00eb t\u00eb drejtuesve t\u00eb Departamentit t\u00eb Shtetit.<\/p>\n<p>Blinken tha n\u00eb nj\u00eb deklarat\u00eb t\u00eb mart\u00ebn se Nuland kishte mbajtur \u201cshumic\u00ebn e pun\u00ebve\u201d brenda Departamentit t\u00eb Shtetit, duke e armatosur at\u00eb \u201cme nj\u00eb njohuri enciklopedike p\u00ebr nj\u00eb gam\u00eb t\u00eb gjer\u00eb \u00e7\u00ebshtjesh dhe rajonesh dhe nj\u00eb kapacitet t\u00eb pakrahasuesh\u00ebm p\u00ebr t\u00eb p\u00ebrdorur paket\u00ebn e plot\u00eb t\u00eb mjeteve t\u00eb diplomacis\u00eb amerikane. p\u00ebr t\u00eb \u00e7uar p\u00ebrpara interesat dhe vlerat tona\u201d.<\/p>\n","protected":false},"excerpt":{"rendered":"<p>Nj\u00eb nga skifter\u00ebt m\u00eb t\u00eb ashp\u00ebr t\u00eb Rusis\u00eb t\u00eb administrat\u00ebs Biden dhe zyrtarja e tret\u00eb e Departamentit t\u00eb Shtetit, Victoria Nuland, ka n\u00eb plan t\u00eb t\u00ebrhiqet brenda disa jav\u00ebsh, tha t\u00eb mart\u00ebn Sekretari i Shtetit Antony Blinken, duke l\u00ebn\u00eb nj\u00eb boshll\u00ebk n\u00eb radh\u00ebt e larta t\u00eb SHBA. diplomacia si kriza n\u00eb Lindjen e Mesme dhe [&hellip;]<\/p>\n","protected":false},"author":2,"featured_media":71923,"comment_status":"open","ping_status":"open","sticky":false,"template":"","format":"standard","meta":{"footnotes":""},"categories":[12],"tags":[27],"class_list":{"0":"post-71922","1":"post","2":"type-post","3":"status-publish","4":"format-standard","5":"has-post-thumbnail","7":"category-bota","8":"tag-lajme"},"_links":{"self":[{"href":"https:\/\/neutrale.al\/index.php\/wp-json\/wp\/v2\/posts\/71922","targetHints":{"allow":["GET"]}}],"collection":[{"href":"https:\/\/neutrale.al\/index.php\/wp-json\/wp\/v2\/posts"}],"about":[{"href":"https:\/\/neutrale.al\/index.php\/wp-json\/wp\/v2\/types\/post"}],"author":[{"embeddable":true,"href":"https:\/\/neutrale.al\/index.php\/wp-json\/wp\/v2\/users\/2"}],"replies":[{"embeddable":true,"href":"https:\/\/neutrale.al\/index.php\/wp-json\/wp\/v2\/comments?post=71922"}],"version-history":[{"count":1,"href":"https:\/\/neutrale.al\/index.php\/wp-json\/wp\/v2\/posts\/71922\/revisions"}],"predecessor-version":[{"id":71924,"href":"https:\/\/neutrale.al\/index.php\/wp-json\/wp\/v2\/posts\/71922\/revisions\/71924"}],"wp:featuredmedia":[{"embeddable":true,"href":"https:\/\/neutrale.al\/index.php\/wp-json\/wp\/v2\/media\/71923"}],"wp:attachment":[{"href":"https:\/\/neutrale.al\/index.php\/wp-json\/wp\/v2\/media?parent=71922"}],"wp:term":[{"taxonomy":"category","embeddable":true,"href":"https:\/\/neutrale.al\/index.php\/wp-json\/wp\/v2\/categories?post=71922"},{"taxonomy":"post_tag","embeddable":true,"href":"https:\/\/neutrale.al\/index.php\/wp-json\/wp\/v2\/tags?post=71922"}],"curies":[{"name":"wp","href":"https:\/\/api.w.org\/{rel}","templated":true}]}}