{"id":71883,"date":"2024-03-05T17:01:05","date_gmt":"2024-03-05T17:01:05","guid":{"rendered":"https:\/\/neutrale.al\/?p=71883"},"modified":"2024-03-05T17:01:05","modified_gmt":"2024-03-05T17:01:05","slug":"kryesia-e-pd-se-miraton-ndryshimet-statutore-bardhi-dhe-gjekmarkaj-nenkryetar-keshilli-kombetar-duhet-ti-miratoj","status":"publish","type":"post","link":"https:\/\/neutrale.al\/index.php\/2024\/03\/05\/kryesia-e-pd-se-miraton-ndryshimet-statutore-bardhi-dhe-gjekmarkaj-nenkryetar-keshilli-kombetar-duhet-ti-miratoj\/","title":{"rendered":"Kryesia e PD-s\u00eb miraton ndryshimet statutore, Bardhi dhe Gjekmarkaj n\u00ebnkryetar\/ K\u00ebshilli Komb\u00ebtar duhet t&#8217;i miratoj"},"content":{"rendered":"<p>Vet\u00ebm pak m\u00eb par\u00eb ka p\u00ebrfunduar mbledhja e kryesis\u00eb s\u00eb Partis\u00eb Demokratike.<\/p>\n<p>Kryesia e PD-s\u00eb ka vendosur t\u00eb miratoj\u00eb ndryshimet statutore, duke i hapur k\u00ebshtu rrug\u00eb kreut t\u00eb grupit parlamentar Gazment Bardhi dhe n\u00ebnkryetarit t\u00eb Parlamentit, Agron Gjekmarkaj t\u00eb em\u00ebrohen automatikisht n\u00ebnkryetar partie.<\/p>\n<p>Tashm\u00eb \u00ebsht\u00eb mblidhur K\u00ebshilli Komb\u00ebtar p\u00ebr t\u2019i dh\u00ebn\u00eb miratimin k\u00ebtyre ndryshimeve.<\/p>\n<p>Konkretisht n\u00eb nenin 47 t\u00eb statutit, shtohet nj\u00eb pik\u00eb sipas t\u00eb cil\u00ebs kryesia e grupit parlamentar t\u00eb b\u00ebhet pjes\u00eb e kryesis\u00eb s\u00eb PD-s\u00eb.<\/p>\n<p>An\u00ebtar\u00ebt e rinj t\u00eb Kryesis\u00eb s\u00eb Partis\u00eb Demokratike t\u00eb Rithemelimit mbas ndryshimeve t\u00eb reja statutore:<\/p>\n<p>Gazment Bardhi \u2013 Kryetar i Grupit Parlamentar<\/p>\n<p>Ervin Salianji \u2013 N\u00ebnkryetar i Grupit Parlamentar<\/p>\n<p>Agron Gjekmarkaj \u2013 N\u00ebnkryetar i Kuvendit<\/p>\n<p>Zheni Gjergji \u2013 (Kryetare, Komisioni i Sh\u00ebndet\u00ebsis\u00eb)<\/p>\n<p>Dhurata \u00c7upi \u2013 (Z\u00ebvend\u00ebs kryetare, Komisioni p\u00ebr Pun\u00ebn, \u00c7\u00ebshtjet Sociale dhe Sh\u00ebndet\u00ebsin\u00eb)<\/p>\n<p>Helidon Bushati \u2013 (Z\u00ebvend\u00ebs kryetar, Komisioni p\u00ebr Veprimtarit\u00eb Prodhuese, Tregtin\u00eb dhe Mjedisin)<\/p>\n<p>Tomorr Alizoti \u2013 (Z\u00ebvend\u00ebs kryetar, Komisioni p\u00ebr Politik\u00ebn e Jashtme)<\/p>\n<p>Ferdidant Xhaferri \u2013 (Z\u00ebvend\u00ebs kryetar, Komisioni p\u00ebr Sigurin\u00eb Komb\u00ebtare)<\/p>\n<p>Jorida Tabaku \u2013 (Kryetare, Komisioni p\u00ebr \u00c7\u00ebshtjet Evropiane).<\/p>\n","protected":false},"excerpt":{"rendered":"<p>Vet\u00ebm pak m\u00eb par\u00eb ka p\u00ebrfunduar mbledhja e kryesis\u00eb s\u00eb Partis\u00eb Demokratike. Kryesia e PD-s\u00eb ka vendosur t\u00eb miratoj\u00eb ndryshimet statutore, duke i hapur k\u00ebshtu rrug\u00eb kreut t\u00eb grupit parlamentar Gazment Bardhi dhe n\u00ebnkryetarit t\u00eb Parlamentit, Agron Gjekmarkaj t\u00eb em\u00ebrohen automatikisht n\u00ebnkryetar partie. Tashm\u00eb \u00ebsht\u00eb mblidhur K\u00ebshilli Komb\u00ebtar p\u00ebr t\u2019i dh\u00ebn\u00eb miratimin k\u00ebtyre ndryshimeve. Konkretisht [&hellip;]<\/p>\n","protected":false},"author":2,"featured_media":71884,"comment_status":"open","ping_status":"open","sticky":false,"template":"","format":"standard","meta":{"footnotes":""},"categories":[118,9],"tags":[],"class_list":{"0":"post-71883","1":"post","2":"type-post","3":"status-publish","4":"format-standard","5":"has-post-thumbnail","7":"category-kryesore","8":"category-politika"},"_links":{"self":[{"href":"https:\/\/neutrale.al\/index.php\/wp-json\/wp\/v2\/posts\/71883","targetHints":{"allow":["GET"]}}],"collection":[{"href":"https:\/\/neutrale.al\/index.php\/wp-json\/wp\/v2\/posts"}],"about":[{"href":"https:\/\/neutrale.al\/index.php\/wp-json\/wp\/v2\/types\/post"}],"author":[{"embeddable":true,"href":"https:\/\/neutrale.al\/index.php\/wp-json\/wp\/v2\/users\/2"}],"replies":[{"embeddable":true,"href":"https:\/\/neutrale.al\/index.php\/wp-json\/wp\/v2\/comments?post=71883"}],"version-history":[{"count":1,"href":"https:\/\/neutrale.al\/index.php\/wp-json\/wp\/v2\/posts\/71883\/revisions"}],"predecessor-version":[{"id":71885,"href":"https:\/\/neutrale.al\/index.php\/wp-json\/wp\/v2\/posts\/71883\/revisions\/71885"}],"wp:featuredmedia":[{"embeddable":true,"href":"https:\/\/neutrale.al\/index.php\/wp-json\/wp\/v2\/media\/71884"}],"wp:attachment":[{"href":"https:\/\/neutrale.al\/index.php\/wp-json\/wp\/v2\/media?parent=71883"}],"wp:term":[{"taxonomy":"category","embeddable":true,"href":"https:\/\/neutrale.al\/index.php\/wp-json\/wp\/v2\/categories?post=71883"},{"taxonomy":"post_tag","embeddable":true,"href":"https:\/\/neutrale.al\/index.php\/wp-json\/wp\/v2\/tags?post=71883"}],"curies":[{"name":"wp","href":"https:\/\/api.w.org\/{rel}","templated":true}]}}