{"id":71853,"date":"2024-03-05T12:02:58","date_gmt":"2024-03-05T12:02:58","guid":{"rendered":"https:\/\/neutrale.al\/?p=71853"},"modified":"2024-03-05T12:02:58","modified_gmt":"2024-03-05T12:02:58","slug":"vendimi-per-7-mars-asnje-dhurate-tjeter-pervec-lules-dhe-librit","status":"publish","type":"post","link":"https:\/\/neutrale.al\/index.php\/2024\/03\/05\/vendimi-per-7-mars-asnje-dhurate-tjeter-pervec-lules-dhe-librit\/","title":{"rendered":"Vendimi: P\u00ebr 7 mars asnj\u00eb dhurat\u00eb tjet\u00ebr p\u00ebrve\u00e7 lules dhe librit"},"content":{"rendered":"<p>Drejtoria e Arsimit e Suharek\u00ebs, merr vendim, p\u00ebr 7 mars s\u2019lejohet asnj\u00eb dhurat\u00eb tjet\u00ebr, p\u00ebrve\u00e7 lules dhe librit<\/p>\n<p>Shum\u00eb prind\u00ebr n\u00eb nivel vendi, do t\u2019i ken\u00eb zili vendimit t\u00eb Komun\u00ebs s\u00eb Suharek\u00ebs p\u00ebr dhuratat e 7 dhe 8 marsit.<\/p>\n<p>Drejtoria e Arsimit e Suharek\u00ebs ka marr\u00eb vendim q\u00eb p\u00ebrve\u00e7 lules dhe librit m\u00ebsuesit nuk kan\u00eb t\u00eb drejt\u00eb t\u00eb pranojn\u00eb dhurata t\u00eb tjera t\u00eb shtrenjta. M\u00eb posht\u00eb \u00ebsht\u00eb vendimi:<\/p>\n<p>Duke par\u00eb trendin e m\u00ebnyr\u00ebs se si trajtohet festa e 7 Marsit n\u00eb mesin e prind\u00ebrve e nx\u00ebn\u00ebsve tan\u00eb vite me radh\u00eb, kemi hasur n\u00eb nj\u00eb dukuri jo shum\u00eb t\u00eb p\u00eblqyer. Tashm\u00eb nx\u00ebn\u00ebsit kan\u00eb krijuar shprehin\u00eb q\u00eb n\u00eb vend t\u00eb luleve, kartolinave apo librit si shenj\u00eb urimi p\u00ebr fest\u00ebn e m\u00ebsuesve u ofrojm\u00eb dhurata nga m\u00eb t\u00eb ndryshmet e m\u00eb t\u00eb shtrenjtat, Pranimi i k\u00ebtyre dhuratave nga m\u00ebsimdh\u00ebn\u00ebsit ka b\u00ebr\u00eb q\u00eb t\u00eb thellohet ndjenja e pabarazis\u00eb te nx\u00ebn\u00ebsit, andaj Drejtoria e Arsimit vendosi si n\u00eb dispozitiv t\u00eb k\u00ebtj vendimi\u2026<br \/>\nNga suharekaonline.com<\/p>\n<p><img loading=\"lazy\" loading=\"lazy\" decoding=\"async\" src=\"https:\/\/neutrale.al\/wp-content\/uploads\/2024\/03\/22a509c4-9adb-4d2e-bf1f-4203e3605c78-222x300.jpeg\" alt=\"\" width=\"222\" height=\"300\" class=\"alignnone size-medium wp-image-71854\" srcset=\"https:\/\/neutrale.al\/wp-content\/uploads\/2024\/03\/22a509c4-9adb-4d2e-bf1f-4203e3605c78-222x300.jpeg 222w, https:\/\/neutrale.al\/wp-content\/uploads\/2024\/03\/22a509c4-9adb-4d2e-bf1f-4203e3605c78-758x1024.jpeg 758w, https:\/\/neutrale.al\/wp-content\/uploads\/2024\/03\/22a509c4-9adb-4d2e-bf1f-4203e3605c78-768x1038.jpeg 768w, https:\/\/neutrale.al\/wp-content\/uploads\/2024\/03\/22a509c4-9adb-4d2e-bf1f-4203e3605c78-860x1162.jpeg 860w, https:\/\/neutrale.al\/wp-content\/uploads\/2024\/03\/22a509c4-9adb-4d2e-bf1f-4203e3605c78.jpeg 947w\" sizes=\"auto, (max-width: 222px) 100vw, 222px\" \/><\/p>\n","protected":false},"excerpt":{"rendered":"<p>Drejtoria e Arsimit e Suharek\u00ebs, merr vendim, p\u00ebr 7 mars s\u2019lejohet asnj\u00eb dhurat\u00eb tjet\u00ebr, p\u00ebrve\u00e7 lules dhe librit Shum\u00eb prind\u00ebr n\u00eb nivel vendi, do t\u2019i ken\u00eb zili vendimit t\u00eb Komun\u00ebs s\u00eb Suharek\u00ebs p\u00ebr dhuratat e 7 dhe 8 marsit. Drejtoria e Arsimit e Suharek\u00ebs ka marr\u00eb vendim q\u00eb p\u00ebrve\u00e7 lules dhe librit m\u00ebsuesit nuk kan\u00eb [&hellip;]<\/p>\n","protected":false},"author":2,"featured_media":71855,"comment_status":"open","ping_status":"open","sticky":false,"template":"","format":"standard","meta":{"footnotes":""},"categories":[1],"tags":[],"class_list":{"0":"post-71853","1":"post","2":"type-post","3":"status-publish","4":"format-standard","5":"has-post-thumbnail","7":"category-te-tjera"},"_links":{"self":[{"href":"https:\/\/neutrale.al\/index.php\/wp-json\/wp\/v2\/posts\/71853","targetHints":{"allow":["GET"]}}],"collection":[{"href":"https:\/\/neutrale.al\/index.php\/wp-json\/wp\/v2\/posts"}],"about":[{"href":"https:\/\/neutrale.al\/index.php\/wp-json\/wp\/v2\/types\/post"}],"author":[{"embeddable":true,"href":"https:\/\/neutrale.al\/index.php\/wp-json\/wp\/v2\/users\/2"}],"replies":[{"embeddable":true,"href":"https:\/\/neutrale.al\/index.php\/wp-json\/wp\/v2\/comments?post=71853"}],"version-history":[{"count":2,"href":"https:\/\/neutrale.al\/index.php\/wp-json\/wp\/v2\/posts\/71853\/revisions"}],"predecessor-version":[{"id":71857,"href":"https:\/\/neutrale.al\/index.php\/wp-json\/wp\/v2\/posts\/71853\/revisions\/71857"}],"wp:featuredmedia":[{"embeddable":true,"href":"https:\/\/neutrale.al\/index.php\/wp-json\/wp\/v2\/media\/71855"}],"wp:attachment":[{"href":"https:\/\/neutrale.al\/index.php\/wp-json\/wp\/v2\/media?parent=71853"}],"wp:term":[{"taxonomy":"category","embeddable":true,"href":"https:\/\/neutrale.al\/index.php\/wp-json\/wp\/v2\/categories?post=71853"},{"taxonomy":"post_tag","embeddable":true,"href":"https:\/\/neutrale.al\/index.php\/wp-json\/wp\/v2\/tags?post=71853"}],"curies":[{"name":"wp","href":"https:\/\/api.w.org\/{rel}","templated":true}]}}