{"id":71788,"date":"2024-03-04T17:52:32","date_gmt":"2024-03-04T17:52:32","guid":{"rendered":"https:\/\/neutrale.al\/?p=71788"},"modified":"2024-03-04T17:52:32","modified_gmt":"2024-03-04T17:52:32","slug":"vendoset-emri-i-trump-nuk-do-te-hiqet-nga-fletevotimet","status":"publish","type":"post","link":"https:\/\/neutrale.al\/index.php\/2024\/03\/04\/vendoset-emri-i-trump-nuk-do-te-hiqet-nga-fletevotimet\/","title":{"rendered":"Vendoset\/ Emri i Trump nuk do t\u00eb hiqet nga flet\u00ebvotimet"},"content":{"rendered":"<p>Emri i Donald Trump nuk do t\u00eb hiqet nga flet\u00ebvotimet n\u00eb Kolorado p\u00ebr shkak t\u00eb sulmit n\u00eb Kapitol, vendos Gjykata e Lart\u00eb e SHBA, shkruan svt.se<\/p>\n<p>&#8211; Vendimi ishte unanim, t\u00eb gjith\u00eb gjyqtar\u00ebt mendojn\u00eb nj\u00ebsoj.<\/p>\n<p>Vendimi ka t\u00eb b\u00ebj\u00eb me shpalljen e Gjykat\u00ebs s\u00eb Lart\u00eb t\u00eb Kolorados n\u00eb dhjetor se Trump nuk mund t\u00eb jet\u00eb n\u00eb flet\u00ebn e votimit n\u00eb Kolorado, sepse ai mori pjes\u00eb n\u00eb sulmin e Kongresit n\u00eb Uashington, dhe k\u00ebshtu rebelimin kund\u00ebr Kushtetut\u00ebs, m\u00eb 6 janar 2021.<\/p>\n<p>Ata iu referuan Amendamentit t\u00eb 14-t\u00eb t\u00eb Kushtetut\u00ebs q\u00eb thot\u00eb se nj\u00eb person q\u00eb ka marr\u00eb pjes\u00eb n\u00eb rebelim kund\u00ebr Kushtetut\u00ebs nuk mund t\u00eb zgjidhet n\u00eb poste publike. Por tani vendimi \u00ebsht\u00eb rr\u00ebzuar nga Gjykata e Lart\u00eb dhe Donald Trump mund t\u00eb jet\u00eb n\u00eb flet\u00ebvotim.<\/p>\n<p>&#8211; Gjykata nuk vendosi n\u00ebse Trump mori pjes\u00eb n\u00eb nj\u00eb rebelim kund\u00ebr Kushtetut\u00ebs s\u00eb SHBA.<br \/>\nAta iu shmang\u00ebn k\u00ebsaj pyetjeje, duke th\u00ebn\u00eb vet\u00ebm se shtetet nuk kan\u00eb t\u00eb drejt\u00eb t\u00eb p\u00ebrjashtojn\u00eb kandidat\u00ebt p\u00ebr zgjedhjet nacionale, sipas Fouad Youcefi.<\/p>\n<p>Pyetja n\u00ebse Trump ka marr\u00eb pjes\u00eb n\u00eb sulmin e Kapitolit ishte k\u00ebshtu e par\u00ebnd\u00ebsishme p\u00ebr ta q\u00eb ta shqyrtonin sipas Gjykat\u00ebs s\u00eb Lart\u00eb, pasi ata besojn\u00eb se Kushtetuta nuk i lejon shtetet t\u00eb vendosin p\u00ebr heqjen e kandidat\u00ebve nga flet\u00ebvotimet.<\/p>\n<p>Fushata e Trump vazhdon<br \/>\nVendimi i gjykat\u00ebs n\u00ebnkupton q\u00eb ish-presidenti mund t\u00eb vazhdoj\u00eb fushat\u00ebn e tij dhe t\u00eb b\u00ebhet s\u00ebrish president.<\/p>\n<p>&#8211; N\u00ebse gjykata do t\u00eb kishte vendosur q\u00eb Donald Trump nuk mund t\u00eb ishte n\u00eb flet\u00ebn e votimit, presidenti i ardhsh\u00ebm i Shteteve t\u00eb Bashkuara nuk mund t\u00eb quhej Donald Trump. Por tani Trump mund t\u00eb vazhdoj\u00eb me fushat\u00ebn e tij, thot\u00eb korrespondenti i SVT n\u00eb SHBA.<\/p>\n<p>M\u00eb shum\u00eb shqet\u00ebsime ligjore<br \/>\nPas vendimit t\u00eb gjykat\u00ebs, Donald Trump n\u00eb nj\u00eb postim n\u00eb platform\u00ebn Truth Social shkruan \u201cNj\u00eb fitore e madhe p\u00ebr SHBA-n\u00eb\u201d.<\/p>\n<p>Trump ende p\u00ebrballet me disa shqet\u00ebsime ligjore.<\/p>\n<p>&#8211; Ndaj tij ka si \u00e7\u00ebshtje juridike civile ashtu edhe \u00e7\u00ebshtje ku ai akuzohet p\u00ebr 91 akuza t\u00eb ndryshme. \u00cbsht\u00eb nj\u00eb mal i madh q\u00eb Trump duhet ta ngjit\u00eb para zgjedhjeve n\u00eb n\u00ebntor, por kjo ishte gj\u00ebja m\u00eb e r\u00ebnd\u00ebsishme p\u00ebr t\u00eb, thot\u00eb Fouad Youcefi.<\/p>\n<p>https:\/\/www.svt.se\/nyheter\/utrikes\/trumps-namn-far-inte-tas-bort-fran-valsedlar?fbclid=IwAR37EVtwxITXP2zseRnEF5CUDx0MH1oiuKWpe7LeDGbY1y5IDuYrixTPFgY<\/p>\n","protected":false},"excerpt":{"rendered":"<p>Emri i Donald Trump nuk do t\u00eb hiqet nga flet\u00ebvotimet n\u00eb Kolorado p\u00ebr shkak t\u00eb sulmit n\u00eb Kapitol, vendos Gjykata e Lart\u00eb e SHBA, shkruan svt.se &#8211; Vendimi ishte unanim, t\u00eb gjith\u00eb gjyqtar\u00ebt mendojn\u00eb nj\u00ebsoj. Vendimi ka t\u00eb b\u00ebj\u00eb me shpalljen e Gjykat\u00ebs s\u00eb Lart\u00eb t\u00eb Kolorados n\u00eb dhjetor se Trump nuk mund t\u00eb jet\u00eb [&hellip;]<\/p>\n","protected":false},"author":2,"featured_media":71789,"comment_status":"open","ping_status":"open","sticky":false,"template":"","format":"standard","meta":{"footnotes":""},"categories":[12,118],"tags":[],"class_list":{"0":"post-71788","1":"post","2":"type-post","3":"status-publish","4":"format-standard","5":"has-post-thumbnail","7":"category-bota","8":"category-kryesore"},"_links":{"self":[{"href":"https:\/\/neutrale.al\/index.php\/wp-json\/wp\/v2\/posts\/71788","targetHints":{"allow":["GET"]}}],"collection":[{"href":"https:\/\/neutrale.al\/index.php\/wp-json\/wp\/v2\/posts"}],"about":[{"href":"https:\/\/neutrale.al\/index.php\/wp-json\/wp\/v2\/types\/post"}],"author":[{"embeddable":true,"href":"https:\/\/neutrale.al\/index.php\/wp-json\/wp\/v2\/users\/2"}],"replies":[{"embeddable":true,"href":"https:\/\/neutrale.al\/index.php\/wp-json\/wp\/v2\/comments?post=71788"}],"version-history":[{"count":1,"href":"https:\/\/neutrale.al\/index.php\/wp-json\/wp\/v2\/posts\/71788\/revisions"}],"predecessor-version":[{"id":71791,"href":"https:\/\/neutrale.al\/index.php\/wp-json\/wp\/v2\/posts\/71788\/revisions\/71791"}],"wp:featuredmedia":[{"embeddable":true,"href":"https:\/\/neutrale.al\/index.php\/wp-json\/wp\/v2\/media\/71789"}],"wp:attachment":[{"href":"https:\/\/neutrale.al\/index.php\/wp-json\/wp\/v2\/media?parent=71788"}],"wp:term":[{"taxonomy":"category","embeddable":true,"href":"https:\/\/neutrale.al\/index.php\/wp-json\/wp\/v2\/categories?post=71788"},{"taxonomy":"post_tag","embeddable":true,"href":"https:\/\/neutrale.al\/index.php\/wp-json\/wp\/v2\/tags?post=71788"}],"curies":[{"name":"wp","href":"https:\/\/api.w.org\/{rel}","templated":true}]}}