{"id":71782,"date":"2024-03-04T17:05:20","date_gmt":"2024-03-04T17:05:20","guid":{"rendered":"https:\/\/neutrale.al\/?p=71782"},"modified":"2024-03-04T17:05:20","modified_gmt":"2024-03-04T17:05:20","slug":"kavaje-vidhnin-makina-luksoze-arrestohen-babe-e-bir-63-dhe-33-vjecar","status":"publish","type":"post","link":"https:\/\/neutrale.al\/index.php\/2024\/03\/04\/kavaje-vidhnin-makina-luksoze-arrestohen-babe-e-bir-63-dhe-33-vjecar\/","title":{"rendered":"Kavaj\u00eb\/ Vidhnin makina luksoze, arrestohen bab\u00eb e bir 63 dhe 33-vje\u00e7ar."},"content":{"rendered":"<p>Detajet-Njoftimi zyrtar:<\/p>\n<p>Finalizohet operacioni policor i koduar &#8220;Repeat&#8221;, p\u00ebr zbardhjen e rasteve t\u00eb p\u00ebrs\u00ebritura t\u00eb vjedhjes s\u00eb automjeteve.        <\/p>\n<p>Veprimet profesionale hetimore t\u00eb kryera n\u00eb baz\u00eb t\u00eb inteligjenc\u00ebs policore, identifikojn\u00eb dhe \u00e7ojn\u00eb n\u00eb pranga 2 shtetas (bab\u00eb e bir) q\u00eb kryenin k\u00ebt\u00eb veprimtari kriminale.  <\/p>\n<p>63-vje\u00e7ari dhe djali i tij dyshohen se kan\u00eb vjedhur 5 automjete dhe targat e 2 automjeteve t\u00eb tjera, n\u00eb Kavaj\u00eb dhe n\u00eb Shijak.   <\/p>\n<p>Gjenden n\u00eb servisin e k\u00ebtyre shtetasve, n\u00eb fshatin Prisk\u00eb, pjes\u00ebt e nj\u00ebrit nga automjetet e vjedhura n\u00eb Kavaj\u00eb dhe t\u00eb nj\u00eb automjeti tjet\u00ebr t\u00eb denoncuar t\u00eb vjedhur, n\u00eb Rinas.         <\/p>\n<p>Bllokohet servisi i k\u00ebtyre shtetasve, n\u00eb t\u00eb cilin ata dyshohet se fshihnin automjetet e vjedhura dhe i \u00e7montonin, me q\u00ebllim shitjen.      <\/p>\n<p>Specialist\u00ebt e Seksionit p\u00ebr Hetimin e Krimeve t\u00eb Komisariatit t\u00eb Policis\u00eb Kavaj\u00eb, n\u00eb bashk\u00ebpunim me specialist\u00ebt e Seksionit p\u00ebr Hetimin e Krimeve kund\u00ebr Pron\u00ebs dhe Pasuris\u00eb t\u00eb DVP Durr\u00ebs dhe specialist\u00ebt e Seksionit p\u00ebr Hetimin e Krimeve t\u00eb Komisariatit t\u00eb Policis\u00eb Kruj\u00eb, bazuar n\u00eb informacionet e siguruara nga inteligjenca policore, p\u00ebr 2 shtetas q\u00eb vidhnin automjete dhe i \u00e7montonin n\u00eb serivisin e tyre, p\u00ebr t\u2019i shitur, kan\u00eb organizuar dhe finalizuar operacionin policor t\u00eb koduar &#8220;Repeat&#8221;.     <\/p>\n<p>Si rezultat i veprimeve hetimore t\u00eb kryera n\u00eb kuad\u00ebr t\u00eb k\u00ebtij operacioni, jan\u00eb identifikuar, kapur dhe v\u00ebn\u00eb n\u00eb pranga shtetasit:   <\/p>\n<p>M. Sh., 63 vje\u00e7 dhe J. Sh., 33 vje\u00e7 (bab\u00eb e bir), t\u00eb dy banues n\u00eb Tiran\u00eb.    <\/p>\n<p>Nga veprimet hetimore t\u00eb kryera, bazuar dhe n\u00eb denoncimet e qytetar\u00ebve, p\u00ebr vjedhjen e automjeteve t\u00eb tyre, dyshohet se k\u00ebta dy shtetas, n\u00eb bashk\u00ebpunim me nj\u00ebri-tjetrin:  <\/p>\n<p>&#8211; m\u00eb dat\u00eb 22.02.2024, n\u00eb Kavaj\u00eb, kan\u00eb vjedhur nj\u00eb automjet tip \u201cRange Rover\u201d dhe nj\u00eb automjet tip \u201cMercedez Benz\u201d.  (Automjeti tip \u201cMercedez Benz\u201d \u00ebsht\u00eb gjetur te Liqeni i That\u00eb, m\u00eb dat\u00eb 25.02.2024);    <\/p>\n<p>&#8211; m\u00eb dat\u00eb 17.02.2024, n\u00eb nj\u00eb pik\u00eb p\u00ebr shitjen e automjeteve, n\u00eb Shijak, kan\u00eb vjedhur nj\u00eb automjet tip \u201cAudi A5\u201d, nj\u00eb automjet \u201cVolkswagen\u201d dhe targat e 2 automjeteve t\u00eb tjera; <\/p>\n<p>&#8211; m\u00eb dat\u00eb 17.08.2023, n\u00eb Kavaj\u00eb, kan\u00eb vjedhur nj\u00eb automjet tip \u201cRange Rover\u201d. <\/p>\n<p>Gjat\u00eb kontrollit n\u00eb servisin e k\u00ebtyre shtetasve, n\u00eb fshatin Prisk\u00eb, sh\u00ebrbimet e Policis\u00eb kan\u00eb gjetur pjes\u00ebt e automjetit tip \u201cRange Rover\u201d t\u00eb vjedhur 22.02.2024, n\u00eb Kavaj\u00eb, dhe pjes\u00eb t\u00eb nj\u00eb automjeti tjet\u00ebr t\u00eb denoncuar t\u00eb vjedhur, n\u00eb Rinas. <\/p>\n<p>Vijojn\u00eb veprimet hetimore p\u00ebr dokumentimin e rasteve t\u00eb tjera t\u00eb vjedhjeve q\u00eb mund t\u00eb jen\u00eb kryer nga k\u00ebta shtetas. <\/p>\n<p>Materialet procedurale i kaluan Prokuroris\u00eb, p\u00ebr veprime t\u00eb m\u00ebtejshme.<\/p>\n","protected":false},"excerpt":{"rendered":"<p>Detajet-Njoftimi zyrtar: Finalizohet operacioni policor i koduar &#8220;Repeat&#8221;, p\u00ebr zbardhjen e rasteve t\u00eb p\u00ebrs\u00ebritura t\u00eb vjedhjes s\u00eb automjeteve. Veprimet profesionale hetimore t\u00eb kryera n\u00eb baz\u00eb t\u00eb inteligjenc\u00ebs policore, identifikojn\u00eb dhe \u00e7ojn\u00eb n\u00eb pranga 2 shtetas (bab\u00eb e bir) q\u00eb kryenin k\u00ebt\u00eb veprimtari kriminale. 63-vje\u00e7ari dhe djali i tij dyshohen se kan\u00eb vjedhur 5 automjete dhe [&hellip;]<\/p>\n","protected":false},"author":2,"featured_media":71783,"comment_status":"open","ping_status":"open","sticky":false,"template":"","format":"standard","meta":{"footnotes":""},"categories":[117],"tags":[27],"class_list":{"0":"post-71782","1":"post","2":"type-post","3":"status-publish","4":"format-standard","5":"has-post-thumbnail","7":"category-aktualitet","8":"tag-lajme"},"_links":{"self":[{"href":"https:\/\/neutrale.al\/index.php\/wp-json\/wp\/v2\/posts\/71782","targetHints":{"allow":["GET"]}}],"collection":[{"href":"https:\/\/neutrale.al\/index.php\/wp-json\/wp\/v2\/posts"}],"about":[{"href":"https:\/\/neutrale.al\/index.php\/wp-json\/wp\/v2\/types\/post"}],"author":[{"embeddable":true,"href":"https:\/\/neutrale.al\/index.php\/wp-json\/wp\/v2\/users\/2"}],"replies":[{"embeddable":true,"href":"https:\/\/neutrale.al\/index.php\/wp-json\/wp\/v2\/comments?post=71782"}],"version-history":[{"count":1,"href":"https:\/\/neutrale.al\/index.php\/wp-json\/wp\/v2\/posts\/71782\/revisions"}],"predecessor-version":[{"id":71784,"href":"https:\/\/neutrale.al\/index.php\/wp-json\/wp\/v2\/posts\/71782\/revisions\/71784"}],"wp:featuredmedia":[{"embeddable":true,"href":"https:\/\/neutrale.al\/index.php\/wp-json\/wp\/v2\/media\/71783"}],"wp:attachment":[{"href":"https:\/\/neutrale.al\/index.php\/wp-json\/wp\/v2\/media?parent=71782"}],"wp:term":[{"taxonomy":"category","embeddable":true,"href":"https:\/\/neutrale.al\/index.php\/wp-json\/wp\/v2\/categories?post=71782"},{"taxonomy":"post_tag","embeddable":true,"href":"https:\/\/neutrale.al\/index.php\/wp-json\/wp\/v2\/tags?post=71782"}],"curies":[{"name":"wp","href":"https:\/\/api.w.org\/{rel}","templated":true}]}}