{"id":71734,"date":"2024-03-04T10:45:03","date_gmt":"2024-03-04T10:45:03","guid":{"rendered":"https:\/\/neutrale.al\/?p=71734"},"modified":"2024-03-04T10:45:03","modified_gmt":"2024-03-04T10:45:03","slug":"perurohet-baza-ushtarake-e-nato-s-ne-kucove-fjala-e-plote-e-presidentit-bajram-begaj","status":"publish","type":"post","link":"https:\/\/neutrale.al\/index.php\/2024\/03\/04\/perurohet-baza-ushtarake-e-nato-s-ne-kucove-fjala-e-plote-e-presidentit-bajram-begaj\/","title":{"rendered":"P\u00ebrurohet Baza Ushtarake e NATO-s n\u00eb Ku\u00e7ov\u00eb\/ Fjala e plot\u00eb e Presidentit Bajram Begaj"},"content":{"rendered":"<p>Ku\u00e7ov\u00eb- Rijet\u00ebsimi i baz\u00ebs ajrore t\u00eb Ku\u00e7ov\u00ebs sh\u00ebnon nj\u00eb kapitull t\u00eb ri n\u00eb historin\u00eb e mbrojtjes dhe siguris\u00eb s\u00eb vendit ton\u00eb e t\u00eb gjith\u00eb rajonit.<\/p>\n<p>FJALA E PRESIDENTIT BEGAJ ME RASTIN E<br \/>\nRIJET\u00cbSIMIT T\u00cb BAZ\u00cbS AJRORE T\u00cb NATO-S N\u00cb KU\u00c7OV\u00cb<br \/>\n4 mars 2024<\/p>\n<p>T\u00eb nderuar ushtarak\u00eb t\u00eb lart\u00eb t\u00eb NATO-s,<br \/>\nT\u00eb dashur ushtar\u00eb dhe efektiv\u00eb t\u00eb FA, <\/p>\n<p>Rijet\u00ebsimi i baz\u00ebs ajrore t\u00eb Ku\u00e7ov\u00ebs, sh\u00ebnon nj\u00eb kapitull t\u00eb ri n\u00eb historin\u00eb e mbrojtjes dhe siguris\u00eb s\u00eb vendit ton\u00eb e t\u00eb gjith\u00eb rajonit ton\u00eb. <\/p>\n<p>Kjo baz\u00eb \u00ebsht\u00eb rezultat i bashk\u00ebpunimit, solidaritetit, bashk\u00ebrendimit dhe koordinimit midis aleat\u00ebve dhe i v\u00ebmendjes q\u00eb Shqip\u00ebria i kushton siguris\u00eb dhe mbrojtjes.  <\/p>\n<p>Nga kjo baz\u00eb, Ne s\u00eb bashku d\u00ebrgojm\u00eb mesazhin e fuqish\u00ebm t\u00eb paqes  dhe d\u00ebshmojm\u00eb se NATO \u00ebsht\u00eb e vendosur t\u00eb mbroj\u00eb lirin\u00eb dhe sigurin\u00eb e aleat\u00ebve, duke garantuar mbrojtje kolektive.<\/p>\n<p>I shpreh mir\u00ebnjohjen t\u00eb gjith\u00eb aleat\u00ebve tan\u00eb n\u00eb NATO, ve\u00e7an\u00ebrisht partnerit ton\u00eb strategjik, SHBA-s\u00eb, p\u00ebr mb\u00ebshtetjen e pa\u00e7muar q\u00eb i kan\u00eb dh\u00ebn\u00eb Shqip\u00ebris\u00eb n\u00eb rrug\u00ebtimin euroatlantik. <\/p>\n<p>Detyrimet q\u00eb rrjedhin nga an\u00ebtar\u00ebsimi n\u00eb NATO dhe nga procesi i an\u00ebtar\u00ebsimit n\u00eb BE jan\u00eb natyrsh\u00ebm edhe interesat strategjike t\u00eb Shqip\u00ebris\u00eb. <\/p>\n<p>Baza Ajrore Taktike e NATO-s, e ngritur n\u00eb Ku\u00e7ov\u00eb, ku historia takohet me modernen, simbolizon nj\u00eb ur\u00eb ku e shkuara dhe e tashmja bashkohen p\u00ebr t\u00eb siguruar nj\u00eb t\u00eb ardhme t\u00eb sigurt.<\/p>\n<p>Ky zhvillim nuk \u00ebsht\u00eb vet\u00ebm nj\u00eb arritje ushtarake, \u00ebsht\u00eb simbol i qart\u00eb i angazhimit ton\u00eb p\u00ebr t\u00eb mbrojtur vendin, dhe parimet e vlerat demokratike q\u00eb ne, si aleat\u00eb t\u00eb NATO-s, ndajm\u00eb s\u00eb bashku. <\/p>\n<p>Shqip\u00ebria dhe Ku\u00e7ova nuk u zgjodh\u00ebn rast\u00ebsisht. Kjo d\u00ebshmon vler\u00ebsimin dhe besimin q\u00eb aleat\u00ebt kan\u00eb te Shqip\u00ebria, si nj\u00eb partnere e denj\u00eb dhe e p\u00ebrkushtuar. <\/p>\n<p>NATO n\u00ebp\u00ebrmjet k\u00ebtij investimi, tregon se Shqip\u00ebria ka nj\u00eb r\u00ebnd\u00ebsi strategjike p\u00ebr aleanc\u00ebn. <\/p>\n<p>\u00cbsht\u00eb nj\u00eb investim p\u00ebr t\u00eb forcuar kapacitetet, planet, burimet dhe infrastruktur\u00ebn e aleanc\u00ebs. <\/p>\n<p>P\u00ebr Shqip\u00ebrin\u00eb dhe Forcat tona t\u00eb Armatosura, nj\u00eb investim strategjik n\u00eb fush\u00ebn e siguris\u00eb dhe t\u00eb mbrojtjes, shum\u00eb i nevojsh\u00ebm dhe i mir\u00ebpritur nd\u00ebr vite. <\/p>\n<p>Ky investim merr nj\u00eb r\u00ebnd\u00ebsi t\u00eb ve\u00e7ant\u00eb sidomos m\u00eb kushtet kur siguria n\u00eb hap\u00ebsir\u00ebn euroatlantike \u00ebsht\u00eb e rrezikuar. <\/p>\n<p>Agresioni i paprovokuar i Rusis\u00eb ndaj Ukrain\u00ebs, situata n\u00eb Lindjen e Mesme dhe n\u00eb rajone t\u00eb tjera, terrorizmi, si dhe k\u00ebrc\u00ebnime t\u00eb tjera p\u00ebrb\u00ebjn\u00eb sfida p\u00ebr interesat dhe vlerat q\u00eb p\u00ebrfaq\u00ebson bashk\u00ebsia euroatlantike. <\/p>\n<p>Konfrontimet politiko-ushtarake rrezikojn\u00eb t\u00eb p\u00ebrshkall\u00ebzohen dhe t\u00eb p\u00ebrhapen. Kjo u pa m\u00eb s\u00eb miri shtatorin e kaluar n\u00eb sulmin terrorist t\u00eb Banjsk\u00ebs, n\u00eb Kosov\u00eb. <\/p>\n<p>Ai sulm tregoi se sa e brisht\u00eb \u00ebsht\u00eb siguria n\u00eb rajonin ton\u00eb dhe d\u00ebshmoi se ka ende aktor\u00eb lokal\u00eb, t\u00eb cil\u00ebt mundohen ta projektojn\u00eb t\u00eb ardhmen n\u00ebp\u00ebrmjet nj\u00eb t\u00eb kaluare e cila nuk duhet t\u00eb kthehet m\u00eb. <\/p>\n<p>N\u00eb k\u00ebt\u00eb situat\u00eb sigurie globale t\u00eb paq\u00ebndrueshme, ne duhet t\u00eb jemi gjithmon\u00eb t\u00eb gatsh\u00ebm p\u00ebr t\u00eb mbrojtur veten, dhe p\u00ebr t\u00eb kontribuar n\u00eb Aleanc\u00eb p\u00ebr garantimin e paqes, siguris\u00eb, dhe stabilitetit. <\/p>\n<p>Ndaj, Baza e Ku\u00e7ov\u00ebs ka nj\u00eb mision mbrojt\u00ebs dhe shkurajues, nj\u00eb qend\u00ebr e r\u00ebnd\u00ebsishme p\u00ebr operacionet e NATO-s, p\u00ebr t\u00eb p\u00ebrballuar k\u00ebrc\u00ebnimet e sotme dhe t\u00eb nes\u00ebrme. <\/p>\n<p>Shqip\u00ebria do t\u00eb vijoj\u00eb t\u00eb luaj\u00eb rolin e saj konstruktiv n\u00eb rajon e m\u00eb gjer\u00eb. <\/p>\n<p>Rritja e buxhetit p\u00ebr mbrojtjen, modernizimi i forcave tona t\u00eb armatosura, rritja e kapaciteteve mbrojt\u00ebse dhe fuqizimi i kapaciteteve njer\u00ebzore jan\u00eb domosdoshm\u00ebri. <\/p>\n<p>Un\u00eb mb\u00ebshtes \u00e7do nism\u00eb q\u00eb qeveria ka nd\u00ebrmarr\u00eb p\u00ebr mb\u00ebshtetjen sociale t\u00eb personelit t\u00eb Forcave t\u00eb Armatosura sepse t\u00eb jesh pjes\u00eb e Forcave t\u00eb Armatosura nuk \u00ebsht\u00eb vet\u00ebm nj\u00eb profesion, \u00ebsht\u00eb krenari komb\u00ebtare, i sh\u00ebrben Atdheut dhe kauz\u00ebs s\u00eb lart\u00eb t\u00eb paqes dhe siguris\u00eb. <\/p>\n<p>T\u00eb nderuar t\u00eb pranish\u00ebm, <\/p>\n<p>NATO feston k\u00ebt\u00eb vit 75-vjetorin e krijimit dhe Shqip\u00ebria 15-vjetorin e an\u00ebtar\u00ebsimit. Nuk ka m\u00eb mir\u00eb q\u00eb k\u00ebta p\u00ebrvjetor\u00eb t\u00eb festohen me investime t\u00eb tilla t\u00eb r\u00ebnd\u00ebsishme. <\/p>\n<p>Kjo  baz\u00eb, si dhe angazhimi yn\u00eb n\u00eb NATO,<br \/>\n\u00ebsht\u00eb investim n\u00eb mbrojtjen e vendit ton\u00eb,<br \/>\n\u00ebsht\u00eb investim n\u00eb t\u00eb ardhmen e f\u00ebmij\u00ebve tan\u00eb dhe brezave q\u00eb do t\u00eb vijn\u00eb pas nesh,<br \/>\n\u00ebsht\u00eb d\u00ebshmi e p\u00ebrkushtimit ton\u00eb p\u00ebr t\u00eb punuar s\u00eb bashku me aleat\u00ebt tan\u00eb p\u00ebr t\u00eb nd\u00ebrtuar nj\u00eb bot\u00eb m\u00eb t\u00eb sigurt p\u00ebr t\u00eb gjith\u00eb. <\/p>\n<p>Ju faleminderit!<\/p>\n<p><img loading=\"lazy\" loading=\"lazy\" decoding=\"async\" src=\"https:\/\/neutrale.al\/wp-content\/uploads\/2024\/03\/41bf1ce6-2370-4edb-9032-7278783488cf-300x174.jpeg\" alt=\"\" width=\"300\" height=\"174\" class=\"alignnone size-medium wp-image-71735\" srcset=\"https:\/\/neutrale.al\/wp-content\/uploads\/2024\/03\/41bf1ce6-2370-4edb-9032-7278783488cf-300x174.jpeg 300w, https:\/\/neutrale.al\/wp-content\/uploads\/2024\/03\/41bf1ce6-2370-4edb-9032-7278783488cf-1024x594.jpeg 1024w, https:\/\/neutrale.al\/wp-content\/uploads\/2024\/03\/41bf1ce6-2370-4edb-9032-7278783488cf-768x445.jpeg 768w, https:\/\/neutrale.al\/wp-content\/uploads\/2024\/03\/41bf1ce6-2370-4edb-9032-7278783488cf-860x499.jpeg 860w, https:\/\/neutrale.al\/wp-content\/uploads\/2024\/03\/41bf1ce6-2370-4edb-9032-7278783488cf.jpeg 1071w\" sizes=\"auto, (max-width: 300px) 100vw, 300px\" \/><\/p>\n","protected":false},"excerpt":{"rendered":"<p>Ku\u00e7ov\u00eb- Rijet\u00ebsimi i baz\u00ebs ajrore t\u00eb Ku\u00e7ov\u00ebs sh\u00ebnon nj\u00eb kapitull t\u00eb ri n\u00eb historin\u00eb e mbrojtjes dhe siguris\u00eb s\u00eb vendit ton\u00eb e t\u00eb gjith\u00eb rajonit. FJALA E PRESIDENTIT BEGAJ ME RASTIN E RIJET\u00cbSIMIT T\u00cb BAZ\u00cbS AJRORE T\u00cb NATO-S N\u00cb KU\u00c7OV\u00cb 4 mars 2024 T\u00eb nderuar ushtarak\u00eb t\u00eb lart\u00eb t\u00eb NATO-s, T\u00eb dashur ushtar\u00eb dhe efektiv\u00eb [&hellip;]<\/p>\n","protected":false},"author":2,"featured_media":71736,"comment_status":"open","ping_status":"open","sticky":false,"template":"","format":"standard","meta":{"footnotes":""},"categories":[118],"tags":[],"class_list":{"0":"post-71734","1":"post","2":"type-post","3":"status-publish","4":"format-standard","5":"has-post-thumbnail","7":"category-kryesore"},"_links":{"self":[{"href":"https:\/\/neutrale.al\/index.php\/wp-json\/wp\/v2\/posts\/71734","targetHints":{"allow":["GET"]}}],"collection":[{"href":"https:\/\/neutrale.al\/index.php\/wp-json\/wp\/v2\/posts"}],"about":[{"href":"https:\/\/neutrale.al\/index.php\/wp-json\/wp\/v2\/types\/post"}],"author":[{"embeddable":true,"href":"https:\/\/neutrale.al\/index.php\/wp-json\/wp\/v2\/users\/2"}],"replies":[{"embeddable":true,"href":"https:\/\/neutrale.al\/index.php\/wp-json\/wp\/v2\/comments?post=71734"}],"version-history":[{"count":2,"href":"https:\/\/neutrale.al\/index.php\/wp-json\/wp\/v2\/posts\/71734\/revisions"}],"predecessor-version":[{"id":71738,"href":"https:\/\/neutrale.al\/index.php\/wp-json\/wp\/v2\/posts\/71734\/revisions\/71738"}],"wp:featuredmedia":[{"embeddable":true,"href":"https:\/\/neutrale.al\/index.php\/wp-json\/wp\/v2\/media\/71736"}],"wp:attachment":[{"href":"https:\/\/neutrale.al\/index.php\/wp-json\/wp\/v2\/media?parent=71734"}],"wp:term":[{"taxonomy":"category","embeddable":true,"href":"https:\/\/neutrale.al\/index.php\/wp-json\/wp\/v2\/categories?post=71734"},{"taxonomy":"post_tag","embeddable":true,"href":"https:\/\/neutrale.al\/index.php\/wp-json\/wp\/v2\/tags?post=71734"}],"curies":[{"name":"wp","href":"https:\/\/api.w.org\/{rel}","templated":true}]}}