{"id":71704,"date":"2024-03-03T19:18:03","date_gmt":"2024-03-03T19:18:03","guid":{"rendered":"https:\/\/neutrale.al\/?p=71704"},"modified":"2024-03-03T19:18:03","modified_gmt":"2024-03-03T19:18:03","slug":"policia-rrugore-zhdep-tiranen-me-gjoba-prangosur-8-shofere-dhe-9180-masa-administrative-per-nje-jave","status":"publish","type":"post","link":"https:\/\/neutrale.al\/index.php\/2024\/03\/03\/policia-rrugore-zhdep-tiranen-me-gjoba-prangosur-8-shofere-dhe-9180-masa-administrative-per-nje-jave\/","title":{"rendered":"Policia Rrugore &#8220;zhd\u00ebp&#8221; Tiran\u00ebn me gjoba\/ Prangosur 8 shofer\u00eb dhe 9180 masa administrative p\u00ebr nj\u00eb jav\u00eb"},"content":{"rendered":"<p>Njoftimi zyrtar:<\/p>\n<p>????Policia Rrugore e Tiran\u00ebs????????<\/p>\n<p>Gjat\u00eb jav\u00ebs q\u00eb lam\u00eb pas:<\/p>\n<p>\u25aa\ufe0f8 persona jan\u00eb arrestuar p\u00ebr vepra penale n\u00eb fush\u00ebn e qarkullimit rrugor, p\u00ebr drejtim mjeti n\u00eb gjendje t\u00eb dehur, pa leje drejtimi dhe p\u00ebr korrupsion aktiv.<\/p>\n<p>Masat administrative:<br \/>\n\u25aa\ufe0fJan\u00eb vendosur gjithsej 9180 masa administrative, me fokus t\u00eb ve\u00e7ant\u00eb:<br \/>\n&#8211; shpejt\u00ebsi mbi normat e lejuara;<br \/>\n&#8211; \u2060mosp\u00ebrdorimin e rripit t\u00eb sigurimit dhe kask\u00ebs mbrojt\u00ebse,<br \/>\n&#8211; \u2060mospektimin e k\u00ebmb\u00ebsor\u00ebve dhe rregullave t\u00eb parkimit.<\/p>\n<p>\u25aa\ufe0fPezulluar dhe bllokuar:<br \/>\n&#8211; 39 masa q\u00eb p\u00ebrfshijn\u00eb pezullim t\u00eb lejes s\u00eb drejtimit,<br \/>\n&#8211; \u206011 automjete jan\u00eb bllokuar p\u00ebr arsye t\u00eb ndryshme, duke p\u00ebrfshir\u00eb verifikime dhe detyrime t\u00eb pashlyera.<\/p>\n<p>Ne vijojm\u00eb n\u00eb m\u00ebnyr\u00eb t\u00eb pandalur pun\u00ebn p\u00ebr t\u00eb garantuar siguri dhe qet\u00ebsi n\u00eb rrug\u00ebt e qytetit ton\u00eb. Falenderojm\u00eb qytetar\u00ebt p\u00ebr bashk\u00ebpunimin dhe kujdesin e treguar n\u00eb zbatimin e rregullave t\u00eb qarkullimit rrugor! <\/p>\n<p>T\u00eb gjith\u00eb s\u00eb bashku p\u00ebr nj\u00eb qytet m\u00eb t\u00eb sigurt\u00eb!<\/p>\n","protected":false},"excerpt":{"rendered":"<p>Njoftimi zyrtar: ????Policia Rrugore e Tiran\u00ebs???????? Gjat\u00eb jav\u00ebs q\u00eb lam\u00eb pas: \u25aa\ufe0f8 persona jan\u00eb arrestuar p\u00ebr vepra penale n\u00eb fush\u00ebn e qarkullimit rrugor, p\u00ebr drejtim mjeti n\u00eb gjendje t\u00eb dehur, pa leje drejtimi dhe p\u00ebr korrupsion aktiv. Masat administrative: \u25aa\ufe0fJan\u00eb vendosur gjithsej 9180 masa administrative, me fokus t\u00eb ve\u00e7ant\u00eb: &#8211; shpejt\u00ebsi mbi normat e lejuara; [&hellip;]<\/p>\n","protected":false},"author":2,"featured_media":71705,"comment_status":"open","ping_status":"open","sticky":false,"template":"","format":"standard","meta":{"footnotes":""},"categories":[117,118],"tags":[],"class_list":{"0":"post-71704","1":"post","2":"type-post","3":"status-publish","4":"format-standard","5":"has-post-thumbnail","7":"category-aktualitet","8":"category-kryesore"},"_links":{"self":[{"href":"https:\/\/neutrale.al\/index.php\/wp-json\/wp\/v2\/posts\/71704","targetHints":{"allow":["GET"]}}],"collection":[{"href":"https:\/\/neutrale.al\/index.php\/wp-json\/wp\/v2\/posts"}],"about":[{"href":"https:\/\/neutrale.al\/index.php\/wp-json\/wp\/v2\/types\/post"}],"author":[{"embeddable":true,"href":"https:\/\/neutrale.al\/index.php\/wp-json\/wp\/v2\/users\/2"}],"replies":[{"embeddable":true,"href":"https:\/\/neutrale.al\/index.php\/wp-json\/wp\/v2\/comments?post=71704"}],"version-history":[{"count":2,"href":"https:\/\/neutrale.al\/index.php\/wp-json\/wp\/v2\/posts\/71704\/revisions"}],"predecessor-version":[{"id":71707,"href":"https:\/\/neutrale.al\/index.php\/wp-json\/wp\/v2\/posts\/71704\/revisions\/71707"}],"wp:featuredmedia":[{"embeddable":true,"href":"https:\/\/neutrale.al\/index.php\/wp-json\/wp\/v2\/media\/71705"}],"wp:attachment":[{"href":"https:\/\/neutrale.al\/index.php\/wp-json\/wp\/v2\/media?parent=71704"}],"wp:term":[{"taxonomy":"category","embeddable":true,"href":"https:\/\/neutrale.al\/index.php\/wp-json\/wp\/v2\/categories?post=71704"},{"taxonomy":"post_tag","embeddable":true,"href":"https:\/\/neutrale.al\/index.php\/wp-json\/wp\/v2\/tags?post=71704"}],"curies":[{"name":"wp","href":"https:\/\/api.w.org\/{rel}","templated":true}]}}