{"id":71700,"date":"2024-03-03T19:15:06","date_gmt":"2024-03-03T19:15:06","guid":{"rendered":"https:\/\/neutrale.al\/?p=71700"},"modified":"2024-03-03T19:15:06","modified_gmt":"2024-03-03T19:15:06","slug":"protesta-berisha-ne-beograd-anulohen-zgjedhjet-ketu-qeverisin-ata-qe-fituan-me-krimin","status":"publish","type":"post","link":"https:\/\/neutrale.al\/index.php\/2024\/03\/03\/protesta-berisha-ne-beograd-anulohen-zgjedhjet-ketu-qeverisin-ata-qe-fituan-me-krimin\/","title":{"rendered":"Protesta\/ Berisha: N\u00eb Beograd anulohen zgjedhjet, k\u00ebtu qeverisin ata q\u00eb fituan me krimin"},"content":{"rendered":"<p>Lideri demokrat, Sali Berisha ka komentuar shkuarjen e Serbis\u00eb s\u00ebrish n\u00eb zgjedhje, duke e sjell\u00eb si shembull, q\u00eb sipas tij duhet t\u00eb kishte ndodhur dhe n\u00eb Shqip\u00ebri e nj\u00ebjta gj\u00eb.<\/p>\n<p>Berisha tha se n\u00eb Beograd anulohen zgjedhjet, kurse n\u00eb Shkod\u00ebr, n\u00eb Durr\u00ebs, Elbasan, Tiran\u00eb, vazhdojn\u00eb qeverisin kryebashkiak\u00ebt q\u00eb fituan me krimin.<\/p>\n<p>\u201cNe jetojm\u00eb n\u00eb nj\u00eb emergjenc\u00eb, n\u00eb nj\u00eb gjendje n\u00eb t\u00eb cil\u00ebn t\u00eb k\u00ebqijat q\u00eb gllab\u00ebrojn\u00eb qenien ton\u00eb, pasurit\u00eb tona, rriten nga ora n\u00eb or\u00eb, sepse regjimi i Edi Ram\u00ebs, regjimi kriminal b\u00ebhet \u00e7do or\u00eb dhe \u00e7do dit\u00eb m\u00eb i pam\u00ebrish\u00eb ndaj shqiptar\u00ebve.\u00a0Vendi, \u00e7do or\u00eb dhe \u00e7do dit\u00eb varf\u00ebrohet nga vjedhjet e qeveritar\u00ebve. Ndaj dhe \u00e7do or\u00eb dhe \u00e7do dit\u00eb aksioni yn\u00eb pa kthim, beteja jon\u00eb pa kthim, mosbindja civile b\u00ebhen m\u00eb emergjente m\u00eb jetike, p\u00ebr fatin e Shqip\u00ebris\u00eb. Ju lutem, mendoni p\u00ebr nj\u00eb moment, \u00e7far\u00eb ndodhi me zgjedhjet n\u00eb Shqip\u00ebri.\u00a0A nuk ishin ato zgjedhjet m\u00eb t\u00eb pabarabarta ndonj\u00ebher\u00eb n\u00eb histori. A nuk u zhvilluan ato zgjedhje n\u00eb kushtet kur nj\u00ebra pal\u00eb me 61 kandidat\u00eb mori disa milion\u00eb euro financime shtet\u00ebrore. Kurse pala tjet\u00ebr, kund\u00ebrshtare dhe armike nuk mori asnj\u00eb qindark\u00eb. Kryetarit t\u00eb saj nuk ju regjistrua emri.\u00a0Ju ndryshua qendra e votimit 1.3 mln votuese, megjithat\u00eb vazhdojn\u00eb kryetar\u00ebt e zgjedhur mbi krimin t\u00eb qeverisin Shqip\u00ebrin\u00eb n\u00eb t\u00eb kat\u00ebr an\u00ebt\u201d,\u00a0tha Berisha nga protesta e mbajtur posht\u00eb banes\u00ebs s\u00eb tij.<\/p>\n<p>\u201cDy muaj m\u00eb par\u00eb, zgjedhje u zhvilluan n\u00eb Beograd, Serbi. E v\u00ebrteta Vu\u00e7i\u00e7i dhe Rama nuk pranojn\u00eb kurr\u00eb vot\u00ebn e lir\u00eb. Por megjithat\u00eb dua t\u00eb ju them k\u00ebtu se n\u00eb rezultatin e p\u00ebrgjithsh\u00ebm diferenca mes opozit\u00ebs dhe qeveris\u00eb serbe ishte 71%, 19 p\u00ebr qind kishte opozita serbe.\u00a0N\u00eb Shqip\u00ebri 40 p\u00ebr qind mori opozita pa financime, pa komisioner\u00eb, pa logo. N\u00eb Beograd anulohen zgjedhjet, kurse n\u00eb Shkod\u00ebr, n\u00eb Durr\u00ebs, Elbasan, Tiran\u00eb, vazhdojn\u00eb qeverisin bashkiak\u00ebt q\u00eb fituan mbi krimin. Kjo \u00ebsht\u00eb padrejt\u00ebsi.\u00a0Absolutisht e kam deklaruar dhe e deklaroj 100 her\u00eb se Aleksand\u00ebr Vu\u00e7i\u00e7 meriton t\u00eb shkoj\u00eb n\u00eb Hag\u00eb si doktrinar gjenocidi, se ai p\u00ebrfaq\u00ebson nj\u00eb Putin t\u00eb vog\u00ebl, por vota e serb\u00ebve nuk \u00ebsht\u00eb m\u00eb e r\u00ebnd\u00ebsishme se vota e shqiptar\u00ebve.\u00a0Pse e solla k\u00ebt\u00eb shembull. E solla sepse po nuk u ngrit\u00ebm vet\u00eb, po nuk mor\u00ebm fatin ton\u00eb n\u00eb duart tona, nuk kemi pse t\u00eb presim nga askush, p\u00ebrve\u00e7 se vetja jon\u00eb\u201d, theksoi ai.<\/p>\n","protected":false},"excerpt":{"rendered":"<p>Lideri demokrat, Sali Berisha ka komentuar shkuarjen e Serbis\u00eb s\u00ebrish n\u00eb zgjedhje, duke e sjell\u00eb si shembull, q\u00eb sipas tij duhet t\u00eb kishte ndodhur dhe n\u00eb Shqip\u00ebri e nj\u00ebjta gj\u00eb. Berisha tha se n\u00eb Beograd anulohen zgjedhjet, kurse n\u00eb Shkod\u00ebr, n\u00eb Durr\u00ebs, Elbasan, Tiran\u00eb, vazhdojn\u00eb qeverisin kryebashkiak\u00ebt q\u00eb fituan me krimin. \u201cNe jetojm\u00eb n\u00eb nj\u00eb [&hellip;]<\/p>\n","protected":false},"author":2,"featured_media":71701,"comment_status":"open","ping_status":"open","sticky":false,"template":"","format":"standard","meta":{"footnotes":""},"categories":[118,9],"tags":[],"class_list":{"0":"post-71700","1":"post","2":"type-post","3":"status-publish","4":"format-standard","5":"has-post-thumbnail","7":"category-kryesore","8":"category-politika"},"_links":{"self":[{"href":"https:\/\/neutrale.al\/index.php\/wp-json\/wp\/v2\/posts\/71700","targetHints":{"allow":["GET"]}}],"collection":[{"href":"https:\/\/neutrale.al\/index.php\/wp-json\/wp\/v2\/posts"}],"about":[{"href":"https:\/\/neutrale.al\/index.php\/wp-json\/wp\/v2\/types\/post"}],"author":[{"embeddable":true,"href":"https:\/\/neutrale.al\/index.php\/wp-json\/wp\/v2\/users\/2"}],"replies":[{"embeddable":true,"href":"https:\/\/neutrale.al\/index.php\/wp-json\/wp\/v2\/comments?post=71700"}],"version-history":[{"count":2,"href":"https:\/\/neutrale.al\/index.php\/wp-json\/wp\/v2\/posts\/71700\/revisions"}],"predecessor-version":[{"id":71703,"href":"https:\/\/neutrale.al\/index.php\/wp-json\/wp\/v2\/posts\/71700\/revisions\/71703"}],"wp:featuredmedia":[{"embeddable":true,"href":"https:\/\/neutrale.al\/index.php\/wp-json\/wp\/v2\/media\/71701"}],"wp:attachment":[{"href":"https:\/\/neutrale.al\/index.php\/wp-json\/wp\/v2\/media?parent=71700"}],"wp:term":[{"taxonomy":"category","embeddable":true,"href":"https:\/\/neutrale.al\/index.php\/wp-json\/wp\/v2\/categories?post=71700"},{"taxonomy":"post_tag","embeddable":true,"href":"https:\/\/neutrale.al\/index.php\/wp-json\/wp\/v2\/tags?post=71700"}],"curies":[{"name":"wp","href":"https:\/\/api.w.org\/{rel}","templated":true}]}}