{"id":71638,"date":"2024-03-02T15:30:34","date_gmt":"2024-03-02T15:30:34","guid":{"rendered":"https:\/\/neutrale.al\/?p=71638"},"modified":"2024-03-02T15:30:34","modified_gmt":"2024-03-02T15:30:34","slug":"bujar-spahiu-rizgjidhet-ne-krye-te-komunitetit-myslyman-te-shqiperise-tritan-shehu-personalitet-fetar-i-spikatur-urime","status":"publish","type":"post","link":"https:\/\/neutrale.al\/index.php\/2024\/03\/02\/bujar-spahiu-rizgjidhet-ne-krye-te-komunitetit-myslyman-te-shqiperise-tritan-shehu-personalitet-fetar-i-spikatur-urime\/","title":{"rendered":"Bujar Spahiu rizgjidhet n\u00eb krye t\u00eb Komunitetit Myslyman t\u00eb Shqip\u00ebris\u00eb: Tritan Shehu: Personalitet fetar i spikatur. Urime !"},"content":{"rendered":"<p>Urimet me te mira Sh.T. Z. Bujar Spahiu per rizgjedhjen ne krye te KMSh!<br \/>\nNje personalitet fetar i i spikatur, qe me urtesine dhe mencurine e tij do te vazhdoje te jete nje faktor i rendesishem zhvillimi jo vetem per Komunitetin Mysliman shqiptar.<br \/>\nPor dhe per ruajtjen e forcimin e harmonise fetare ne vendin tone\u2026<br \/>\nVlere e kombit tone kjo, tejet e rendesishme per vendin tone, si dhe ne forcimin e rolit te Shqiperise per stabilitet e integrim europian ne kete Rajon, me kaq turbulenca keto periudha.<br \/>\nUrimet me te mira ne permbushje te kesaj detyre te larte e kaq te rendesishme!<\/p>\n","protected":false},"excerpt":{"rendered":"<p>Urimet me te mira Sh.T. Z. Bujar Spahiu per rizgjedhjen ne krye te KMSh! Nje personalitet fetar i i spikatur, qe me urtesine dhe mencurine e tij do te vazhdoje te jete nje faktor i rendesishem zhvillimi jo vetem per Komunitetin Mysliman shqiptar. Por dhe per ruajtjen e forcimin e harmonise fetare ne vendin tone\u2026 [&hellip;]<\/p>\n","protected":false},"author":2,"featured_media":71639,"comment_status":"open","ping_status":"open","sticky":false,"template":"","format":"standard","meta":{"footnotes":""},"categories":[1],"tags":[],"class_list":{"0":"post-71638","1":"post","2":"type-post","3":"status-publish","4":"format-standard","5":"has-post-thumbnail","7":"category-te-tjera"},"_links":{"self":[{"href":"https:\/\/neutrale.al\/index.php\/wp-json\/wp\/v2\/posts\/71638","targetHints":{"allow":["GET"]}}],"collection":[{"href":"https:\/\/neutrale.al\/index.php\/wp-json\/wp\/v2\/posts"}],"about":[{"href":"https:\/\/neutrale.al\/index.php\/wp-json\/wp\/v2\/types\/post"}],"author":[{"embeddable":true,"href":"https:\/\/neutrale.al\/index.php\/wp-json\/wp\/v2\/users\/2"}],"replies":[{"embeddable":true,"href":"https:\/\/neutrale.al\/index.php\/wp-json\/wp\/v2\/comments?post=71638"}],"version-history":[{"count":1,"href":"https:\/\/neutrale.al\/index.php\/wp-json\/wp\/v2\/posts\/71638\/revisions"}],"predecessor-version":[{"id":71640,"href":"https:\/\/neutrale.al\/index.php\/wp-json\/wp\/v2\/posts\/71638\/revisions\/71640"}],"wp:featuredmedia":[{"embeddable":true,"href":"https:\/\/neutrale.al\/index.php\/wp-json\/wp\/v2\/media\/71639"}],"wp:attachment":[{"href":"https:\/\/neutrale.al\/index.php\/wp-json\/wp\/v2\/media?parent=71638"}],"wp:term":[{"taxonomy":"category","embeddable":true,"href":"https:\/\/neutrale.al\/index.php\/wp-json\/wp\/v2\/categories?post=71638"},{"taxonomy":"post_tag","embeddable":true,"href":"https:\/\/neutrale.al\/index.php\/wp-json\/wp\/v2\/tags?post=71638"}],"curies":[{"name":"wp","href":"https:\/\/api.w.org\/{rel}","templated":true}]}}