{"id":71633,"date":"2024-03-02T11:08:32","date_gmt":"2024-03-02T11:08:32","guid":{"rendered":"https:\/\/neutrale.al\/?p=71633"},"modified":"2024-03-02T11:08:32","modified_gmt":"2024-03-02T11:08:32","slug":"shpetim-axhami-2-marsi-i-kuvendit-te-lezhes-si-apel-per-bashkim-kunder-cdo-fenomeni-qe-prek-interesat-qytetare-familjen-kombin-dhe-integritetin-e-trojeve-tona-etnike","status":"publish","type":"post","link":"https:\/\/neutrale.al\/index.php\/2024\/03\/02\/shpetim-axhami-2-marsi-i-kuvendit-te-lezhes-si-apel-per-bashkim-kunder-cdo-fenomeni-qe-prek-interesat-qytetare-familjen-kombin-dhe-integritetin-e-trojeve-tona-etnike\/","title":{"rendered":"Shpetim Axhami: 2 Marsi i Kuvendit t\u00eb Lezh\u00ebs si apel p\u00ebr bashkim kund\u00ebr \u00e7do fenomeni q\u00eb prek interesat qytetare, familjen kombin dhe integritetin e trojeve tona etnike."},"content":{"rendered":"<p>Sot, m\u00eb 2 Mars kujtojm\u00eb Bes\u00eblidhjen e Lezh\u00ebs mbajtur kjo m\u00eb 2 Mars t\u00eb vitit 1444.<\/p>\n<p>Shqiptar\u00ebt kan\u00eb dit\u00eb t\u00eb bashkohen gjithmon\u00eb kund\u00ebr \u00e7do t\u00eb keqe q\u00eb ju ka rrezikuar atyre trojet, atdheun dhe kombin.<\/p>\n<p>Sot momenti p\u00ebr t\u2019u bashkuar kund\u00ebr kujtdo, kund\u00ebr \u00e7do fenomeni apo rreziku q\u00eb prek interesat qytetare, familjen kombin dhe integritetin e trojeve tona etnike.<\/p>\n<p><img loading=\"lazy\" loading=\"lazy\" decoding=\"async\" src=\"https:\/\/neutrale.al\/wp-content\/uploads\/2024\/03\/4d3a84ee-ba59-4560-931c-4f3c9e7b1a97-296x300.jpeg\" alt=\"\" width=\"296\" height=\"300\" class=\"alignnone size-medium wp-image-71634\" srcset=\"https:\/\/neutrale.al\/wp-content\/uploads\/2024\/03\/4d3a84ee-ba59-4560-931c-4f3c9e7b1a97-296x300.jpeg 296w, https:\/\/neutrale.al\/wp-content\/uploads\/2024\/03\/4d3a84ee-ba59-4560-931c-4f3c9e7b1a97.jpeg 750w\" sizes=\"auto, (max-width: 296px) 100vw, 296px\" \/><\/p>\n","protected":false},"excerpt":{"rendered":"<p>Sot, m\u00eb 2 Mars kujtojm\u00eb Bes\u00eblidhjen e Lezh\u00ebs mbajtur kjo m\u00eb 2 Mars t\u00eb vitit 1444. Shqiptar\u00ebt kan\u00eb dit\u00eb t\u00eb bashkohen gjithmon\u00eb kund\u00ebr \u00e7do t\u00eb keqe q\u00eb ju ka rrezikuar atyre trojet, atdheun dhe kombin. Sot momenti p\u00ebr t\u2019u bashkuar kund\u00ebr kujtdo, kund\u00ebr \u00e7do fenomeni apo rreziku q\u00eb prek interesat qytetare, familjen kombin dhe integritetin [&hellip;]<\/p>\n","protected":false},"author":2,"featured_media":71635,"comment_status":"open","ping_status":"open","sticky":false,"template":"","format":"standard","meta":{"footnotes":""},"categories":[1],"tags":[],"class_list":{"0":"post-71633","1":"post","2":"type-post","3":"status-publish","4":"format-standard","5":"has-post-thumbnail","7":"category-te-tjera"},"_links":{"self":[{"href":"https:\/\/neutrale.al\/index.php\/wp-json\/wp\/v2\/posts\/71633","targetHints":{"allow":["GET"]}}],"collection":[{"href":"https:\/\/neutrale.al\/index.php\/wp-json\/wp\/v2\/posts"}],"about":[{"href":"https:\/\/neutrale.al\/index.php\/wp-json\/wp\/v2\/types\/post"}],"author":[{"embeddable":true,"href":"https:\/\/neutrale.al\/index.php\/wp-json\/wp\/v2\/users\/2"}],"replies":[{"embeddable":true,"href":"https:\/\/neutrale.al\/index.php\/wp-json\/wp\/v2\/comments?post=71633"}],"version-history":[{"count":1,"href":"https:\/\/neutrale.al\/index.php\/wp-json\/wp\/v2\/posts\/71633\/revisions"}],"predecessor-version":[{"id":71636,"href":"https:\/\/neutrale.al\/index.php\/wp-json\/wp\/v2\/posts\/71633\/revisions\/71636"}],"wp:featuredmedia":[{"embeddable":true,"href":"https:\/\/neutrale.al\/index.php\/wp-json\/wp\/v2\/media\/71635"}],"wp:attachment":[{"href":"https:\/\/neutrale.al\/index.php\/wp-json\/wp\/v2\/media?parent=71633"}],"wp:term":[{"taxonomy":"category","embeddable":true,"href":"https:\/\/neutrale.al\/index.php\/wp-json\/wp\/v2\/categories?post=71633"},{"taxonomy":"post_tag","embeddable":true,"href":"https:\/\/neutrale.al\/index.php\/wp-json\/wp\/v2\/tags?post=71633"}],"curies":[{"name":"wp","href":"https:\/\/api.w.org\/{rel}","templated":true}]}}