{"id":71629,"date":"2024-03-02T11:02:06","date_gmt":"2024-03-02T11:02:06","guid":{"rendered":"https:\/\/neutrale.al\/?p=71629"},"modified":"2024-03-02T11:02:06","modified_gmt":"2024-03-02T11:02:06","slug":"shperthimi-ne-lushnje-del-foto-e-24-vjecarit-qe-humbi-jeten-bashke-me-babane","status":"publish","type":"post","link":"https:\/\/neutrale.al\/index.php\/2024\/03\/02\/shperthimi-ne-lushnje-del-foto-e-24-vjecarit-qe-humbi-jeten-bashke-me-babane\/","title":{"rendered":"Shp\u00ebrthimi n\u00eb Lushnje\/ Del foto e 24-vje\u00e7arit q\u00eb humbi jet\u00ebn bashk\u00eb me baban\u00eb"},"content":{"rendered":"<p>Personi n\u00eb foto \u00ebsht\u00eb 24-vje\u00e7ari Elidon Hoxha, viktima e dyt\u00eb e\u00a0shp\u00ebrthimit\u00a0t\u00eb ndodhur pasditen e djeshme n\u00eb Lushnje.<\/p>\n<p>Ngjarja ndodhi rreth or\u00ebs 16:05 te \u201crreth-rrotullimi i Plasmasit\u201d, n\u00eb zon\u00ebn industriale t\u00eb qytetit. Zyrtarisht, policia lokale b\u00ebri me dije se \u201cn\u00eb nj\u00eb kapanon n\u00eb nd\u00ebrtim, dyshohet se gjat\u00eb pun\u00ebs, nj\u00eb vin\u00e7ier duke drejtuar nj\u00eb vin\u00e7, aksidentalisht ka prekur linj\u00ebn e tensionit t\u00eb lart\u00eb dhe p\u00ebr rrjedhoj\u00eb ka ndodhur nj\u00eb shp\u00ebrthim i fuqish\u00ebm\u201d.<\/p>\n<p>Vin\u00e7i dyshohet se ka qen\u00eb duke ngritur bombola me oksigjen q\u00eb p\u00ebrdoren p\u00ebr saldim.<\/p>\n<p>N\u00eb nj\u00eb prononcim p\u00ebr mediat nga spitali i Lushnjes pas ngjarjes, ministri i Brendsh\u00ebm Taulant Balla tha p\u00ebr gazetar\u00ebt se Roland Ver\u00e7ani, i cili mbeti i vdekur, ishte vin\u00e7ieri q\u00eb po drejtonte mjetin kur ndodhi shp\u00ebrthimi. Ai shtoi se djali i tij (viktima e dyt\u00eb) ishte gjithashtu brenda mjetit.<\/p>\n<p><img loading=\"lazy\" loading=\"lazy\" decoding=\"async\" src=\"https:\/\/neutrale.al\/wp-content\/uploads\/2024\/03\/aefaa4ff-3488-46be-8d54-fcdea3efeb23-260x300.jpeg\" alt=\"\" width=\"260\" height=\"300\" class=\"alignnone size-medium wp-image-71630\" srcset=\"https:\/\/neutrale.al\/wp-content\/uploads\/2024\/03\/aefaa4ff-3488-46be-8d54-fcdea3efeb23-260x300.jpeg 260w, https:\/\/neutrale.al\/wp-content\/uploads\/2024\/03\/aefaa4ff-3488-46be-8d54-fcdea3efeb23-888x1024.jpeg 888w, https:\/\/neutrale.al\/wp-content\/uploads\/2024\/03\/aefaa4ff-3488-46be-8d54-fcdea3efeb23-768x886.jpeg 768w, https:\/\/neutrale.al\/wp-content\/uploads\/2024\/03\/aefaa4ff-3488-46be-8d54-fcdea3efeb23-860x992.jpeg 860w, https:\/\/neutrale.al\/wp-content\/uploads\/2024\/03\/aefaa4ff-3488-46be-8d54-fcdea3efeb23.jpeg 893w\" sizes=\"auto, (max-width: 260px) 100vw, 260px\" \/><\/p>\n","protected":false},"excerpt":{"rendered":"<p>Personi n\u00eb foto \u00ebsht\u00eb 24-vje\u00e7ari Elidon Hoxha, viktima e dyt\u00eb e\u00a0shp\u00ebrthimit\u00a0t\u00eb ndodhur pasditen e djeshme n\u00eb Lushnje. Ngjarja ndodhi rreth or\u00ebs 16:05 te \u201crreth-rrotullimi i Plasmasit\u201d, n\u00eb zon\u00ebn industriale t\u00eb qytetit. Zyrtarisht, policia lokale b\u00ebri me dije se \u201cn\u00eb nj\u00eb kapanon n\u00eb nd\u00ebrtim, dyshohet se gjat\u00eb pun\u00ebs, nj\u00eb vin\u00e7ier duke drejtuar nj\u00eb vin\u00e7, aksidentalisht ka [&hellip;]<\/p>\n","protected":false},"author":2,"featured_media":71631,"comment_status":"open","ping_status":"open","sticky":false,"template":"","format":"standard","meta":{"footnotes":""},"categories":[118],"tags":[],"class_list":{"0":"post-71629","1":"post","2":"type-post","3":"status-publish","4":"format-standard","5":"has-post-thumbnail","7":"category-kryesore"},"_links":{"self":[{"href":"https:\/\/neutrale.al\/index.php\/wp-json\/wp\/v2\/posts\/71629","targetHints":{"allow":["GET"]}}],"collection":[{"href":"https:\/\/neutrale.al\/index.php\/wp-json\/wp\/v2\/posts"}],"about":[{"href":"https:\/\/neutrale.al\/index.php\/wp-json\/wp\/v2\/types\/post"}],"author":[{"embeddable":true,"href":"https:\/\/neutrale.al\/index.php\/wp-json\/wp\/v2\/users\/2"}],"replies":[{"embeddable":true,"href":"https:\/\/neutrale.al\/index.php\/wp-json\/wp\/v2\/comments?post=71629"}],"version-history":[{"count":1,"href":"https:\/\/neutrale.al\/index.php\/wp-json\/wp\/v2\/posts\/71629\/revisions"}],"predecessor-version":[{"id":71632,"href":"https:\/\/neutrale.al\/index.php\/wp-json\/wp\/v2\/posts\/71629\/revisions\/71632"}],"wp:featuredmedia":[{"embeddable":true,"href":"https:\/\/neutrale.al\/index.php\/wp-json\/wp\/v2\/media\/71631"}],"wp:attachment":[{"href":"https:\/\/neutrale.al\/index.php\/wp-json\/wp\/v2\/media?parent=71629"}],"wp:term":[{"taxonomy":"category","embeddable":true,"href":"https:\/\/neutrale.al\/index.php\/wp-json\/wp\/v2\/categories?post=71629"},{"taxonomy":"post_tag","embeddable":true,"href":"https:\/\/neutrale.al\/index.php\/wp-json\/wp\/v2\/tags?post=71629"}],"curies":[{"name":"wp","href":"https:\/\/api.w.org\/{rel}","templated":true}]}}