{"id":71626,"date":"2024-03-02T11:00:34","date_gmt":"2024-03-02T11:00:34","guid":{"rendered":"https:\/\/neutrale.al\/?p=71626"},"modified":"2024-03-02T11:00:34","modified_gmt":"2024-03-02T11:00:34","slug":"pamje-te-frikshme-nga-shperthimi-ne-lushnje-grupi-hetimor-rikthehet-ne-vendin-e-ngjarjes","status":"publish","type":"post","link":"https:\/\/neutrale.al\/index.php\/2024\/03\/02\/pamje-te-frikshme-nga-shperthimi-ne-lushnje-grupi-hetimor-rikthehet-ne-vendin-e-ngjarjes\/","title":{"rendered":"Pamje t\u00eb frikshme nga shp\u00ebrthimi n\u00eb Lushnj\u00eb, grupi hetimor rikthehet n\u00eb vendin e ngjarjes"},"content":{"rendered":"<p>Dit\u00ebn e sotme jan\u00eb publikuar pamje t\u00eb reja nga shp\u00ebrthimi q\u00eb tronditi qytetin e Lushnj\u00ebs pasditen e djeshme.<br \/>\nNgjarja e r\u00ebnd\u00eb shkaktoi dy viktima dhe shtat\u00eb t\u00eb plagosur, si dhe d\u00ebme t\u00eb shumta materiale.<\/p>\n<p>Sikurse duket edhe nga fotot q\u00eb po qarkullojn\u00eb n\u00eb rrjetet sociale, shp\u00ebrthimi ka krijuar val\u00eb t\u00eb fuqishme goditjeje dhe nj\u00eb re t\u00eb madhe tymi.<\/p>\n<p>M\u00ebsohet se m\u00ebngjesin e sot\u00ebm, grupi hetimor \u00ebsht\u00eb rikthyer n\u00eb vendin e ngjarjes dhe po punojn\u00eb p\u00ebr t\u00eb zbardhur shkaqet q\u00eb \u00e7uan n\u00eb k\u00ebt\u00eb ngjarje t\u00eb r\u00ebnd\u00eb. <\/p>\n<p>Grupi p\u00ebrb\u00ebhet nga ekspert\u00eb t\u00eb Inspektoriatit Shtet\u00ebror, prokurorja e Fierit, inxhinier\u00eb t\u00eb OSHEE, nj\u00ebsia anti-eksploziv dhe policia e Lushnj\u00ebs.<\/p>\n<p>Nj\u00ebkoh\u00ebsisht nj\u00eb grup pune nga bashkia po p\u00ebrgatitet p\u00ebr t\u00eb verifikuar d\u00ebmet n\u00eb biznese dhe banesa.<\/p>\n<p>Kujtojm\u00eb se shp\u00ebrthimi u regjistruar rreth or\u00ebs 15:30 t\u00eb pasdites s\u00eb djeshme n\u00eb vendin e quajtur \u201cRreth-rrotullimi i Plastmasit\u201d, n\u00eb nj\u00eb kapanon n\u00eb nd\u00ebrtim.<\/p>\n<p>Teksa punonin me nj\u00eb vin\u00e7, n\u00eb kabin\u00eb ndodheshin dy viktimat, at\u00eb e bir, Roland dhe Elidon Hoxha.<\/p>\n<p>Vin\u00e7i pi ngrinte\u00a0nj\u00eb bombol oksigjeni q\u00eb do t\u00eb p\u00ebrdorej n\u00eb lart\u00ebsi p\u00ebr t\u00eb kryer saldime, maja e mjetit t\u00eb hekurt ka hasur n\u00eb telin p\u00ebrcjell\u00ebs t\u00eb tensionit t\u00eb lart\u00eb e p\u00ebr pasoj\u00eb bombola ka shp\u00ebrthyer.<\/p>\n<p>Dy viktimat jan\u00eb, Roland Hoxha dhe Elidon Hoxha<\/p>\n<p>T\u00eb plagosurit:<\/p>\n<p>Sokol Lumi<\/p>\n<p> Bujar \u00c7ela<\/p>\n<p>Sajmir Korreshi<\/p>\n<p>Ilia Sota<\/p>\n<p>Lunedi Golemi<\/p>\n<p>Ervis Sharka<\/p>\n<p>Eriget Gorovelli<\/p>\n","protected":false},"excerpt":{"rendered":"<p>Dit\u00ebn e sotme jan\u00eb publikuar pamje t\u00eb reja nga shp\u00ebrthimi q\u00eb tronditi qytetin e Lushnj\u00ebs pasditen e djeshme. Ngjarja e r\u00ebnd\u00eb shkaktoi dy viktima dhe shtat\u00eb t\u00eb plagosur, si dhe d\u00ebme t\u00eb shumta materiale. Sikurse duket edhe nga fotot q\u00eb po qarkullojn\u00eb n\u00eb rrjetet sociale, shp\u00ebrthimi ka krijuar val\u00eb t\u00eb fuqishme goditjeje dhe nj\u00eb re [&hellip;]<\/p>\n","protected":false},"author":2,"featured_media":71627,"comment_status":"open","ping_status":"open","sticky":false,"template":"","format":"standard","meta":{"footnotes":""},"categories":[118],"tags":[],"class_list":{"0":"post-71626","1":"post","2":"type-post","3":"status-publish","4":"format-standard","5":"has-post-thumbnail","7":"category-kryesore"},"_links":{"self":[{"href":"https:\/\/neutrale.al\/index.php\/wp-json\/wp\/v2\/posts\/71626","targetHints":{"allow":["GET"]}}],"collection":[{"href":"https:\/\/neutrale.al\/index.php\/wp-json\/wp\/v2\/posts"}],"about":[{"href":"https:\/\/neutrale.al\/index.php\/wp-json\/wp\/v2\/types\/post"}],"author":[{"embeddable":true,"href":"https:\/\/neutrale.al\/index.php\/wp-json\/wp\/v2\/users\/2"}],"replies":[{"embeddable":true,"href":"https:\/\/neutrale.al\/index.php\/wp-json\/wp\/v2\/comments?post=71626"}],"version-history":[{"count":1,"href":"https:\/\/neutrale.al\/index.php\/wp-json\/wp\/v2\/posts\/71626\/revisions"}],"predecessor-version":[{"id":71628,"href":"https:\/\/neutrale.al\/index.php\/wp-json\/wp\/v2\/posts\/71626\/revisions\/71628"}],"wp:featuredmedia":[{"embeddable":true,"href":"https:\/\/neutrale.al\/index.php\/wp-json\/wp\/v2\/media\/71627"}],"wp:attachment":[{"href":"https:\/\/neutrale.al\/index.php\/wp-json\/wp\/v2\/media?parent=71626"}],"wp:term":[{"taxonomy":"category","embeddable":true,"href":"https:\/\/neutrale.al\/index.php\/wp-json\/wp\/v2\/categories?post=71626"},{"taxonomy":"post_tag","embeddable":true,"href":"https:\/\/neutrale.al\/index.php\/wp-json\/wp\/v2\/tags?post=71626"}],"curies":[{"name":"wp","href":"https:\/\/api.w.org\/{rel}","templated":true}]}}