{"id":71613,"date":"2024-03-01T20:04:46","date_gmt":"2024-03-01T20:04:46","guid":{"rendered":"https:\/\/neutrale.al\/?p=71613"},"modified":"2024-03-01T20:04:46","modified_gmt":"2024-03-01T20:04:46","slug":"tragjedia-e-lushnjes-morgu-nuk-jep-trupat-e-babe-e-bir-qe-u-vrane-ne-pronen-e-deputetit","status":"publish","type":"post","link":"https:\/\/neutrale.al\/index.php\/2024\/03\/01\/tragjedia-e-lushnjes-morgu-nuk-jep-trupat-e-babe-e-bir-qe-u-vrane-ne-pronen-e-deputetit\/","title":{"rendered":"Tragjedia e Lushnjes\/ Morgu nuk jep trupat e bab\u00eb e bir q\u00eb u vran\u00eb n\u00eb pron\u00ebn e deputetit"},"content":{"rendered":"<p>Nga shp\u00ebrthimi q\u00eb ndodhi dit\u00ebn e sotme n\u00eb fabrik\u00ebn e deputetit Bujar \u00c7ela, nd\u00ebrroi jet\u00eb drejtuesi i vin\u00e7it, Landi Ver\u00e7ani dhe biri 20-vje\u00e7ar.<\/p>\n<p>M\u00ebsohet se familjar\u00ebt e Ver\u00e7an\u00ebve ndodhen pran\u00eb ambienteve t\u00eb Morgut p\u00ebr t\u00eb t\u00ebrhequr trupat e dy viktimave.<br \/>\nBurime nga njer\u00ebz t\u00eb af\u00ebrm t\u00eb familjes se ve\u00e7 dhimbjes, tashm\u00eb po p\u00ebrballen edhe me burokracit\u00eb zyrtare.<br \/>\nS&#8217;po na japin trupat, shprehet me lot n\u00eb sy nj\u00eb i af\u00ebrm. Na thon\u00eb q\u00eb s&#8217;kan\u00eb mbaruar procedurat.<br \/>\nN\u00eb familje presin trupat e bab\u00eb e bir&#8230;<\/p>\n","protected":false},"excerpt":{"rendered":"<p>Nga shp\u00ebrthimi q\u00eb ndodhi dit\u00ebn e sotme n\u00eb fabrik\u00ebn e deputetit Bujar \u00c7ela, nd\u00ebrroi jet\u00eb drejtuesi i vin\u00e7it, Landi Ver\u00e7ani dhe biri 20-vje\u00e7ar. M\u00ebsohet se familjar\u00ebt e Ver\u00e7an\u00ebve ndodhen pran\u00eb ambienteve t\u00eb Morgut p\u00ebr t\u00eb t\u00ebrhequr trupat e dy viktimave. Burime nga njer\u00ebz t\u00eb af\u00ebrm t\u00eb familjes se ve\u00e7 dhimbjes, tashm\u00eb po p\u00ebrballen edhe me [&hellip;]<\/p>\n","protected":false},"author":2,"featured_media":71614,"comment_status":"open","ping_status":"open","sticky":false,"template":"","format":"standard","meta":{"footnotes":""},"categories":[118],"tags":[],"class_list":{"0":"post-71613","1":"post","2":"type-post","3":"status-publish","4":"format-standard","5":"has-post-thumbnail","7":"category-kryesore"},"_links":{"self":[{"href":"https:\/\/neutrale.al\/index.php\/wp-json\/wp\/v2\/posts\/71613","targetHints":{"allow":["GET"]}}],"collection":[{"href":"https:\/\/neutrale.al\/index.php\/wp-json\/wp\/v2\/posts"}],"about":[{"href":"https:\/\/neutrale.al\/index.php\/wp-json\/wp\/v2\/types\/post"}],"author":[{"embeddable":true,"href":"https:\/\/neutrale.al\/index.php\/wp-json\/wp\/v2\/users\/2"}],"replies":[{"embeddable":true,"href":"https:\/\/neutrale.al\/index.php\/wp-json\/wp\/v2\/comments?post=71613"}],"version-history":[{"count":1,"href":"https:\/\/neutrale.al\/index.php\/wp-json\/wp\/v2\/posts\/71613\/revisions"}],"predecessor-version":[{"id":71615,"href":"https:\/\/neutrale.al\/index.php\/wp-json\/wp\/v2\/posts\/71613\/revisions\/71615"}],"wp:featuredmedia":[{"embeddable":true,"href":"https:\/\/neutrale.al\/index.php\/wp-json\/wp\/v2\/media\/71614"}],"wp:attachment":[{"href":"https:\/\/neutrale.al\/index.php\/wp-json\/wp\/v2\/media?parent=71613"}],"wp:term":[{"taxonomy":"category","embeddable":true,"href":"https:\/\/neutrale.al\/index.php\/wp-json\/wp\/v2\/categories?post=71613"},{"taxonomy":"post_tag","embeddable":true,"href":"https:\/\/neutrale.al\/index.php\/wp-json\/wp\/v2\/tags?post=71613"}],"curies":[{"name":"wp","href":"https:\/\/api.w.org\/{rel}","templated":true}]}}