{"id":71584,"date":"2024-03-01T14:34:17","date_gmt":"2024-03-01T14:34:17","guid":{"rendered":"https:\/\/neutrale.al\/?p=71584"},"modified":"2024-03-01T14:34:17","modified_gmt":"2024-03-01T14:34:17","slug":"greqi-babai-53-vjecar-denohet-me-15-vite-burg-i-biri-lihet-i-lire-per-vrasjen-e-shqiptarit-janis-topali-baba-i-tre-femijeve-te-mitur","status":"publish","type":"post","link":"https:\/\/neutrale.al\/index.php\/2024\/03\/01\/greqi-babai-53-vjecar-denohet-me-15-vite-burg-i-biri-lihet-i-lire-per-vrasjen-e-shqiptarit-janis-topali-baba-i-tre-femijeve-te-mitur\/","title":{"rendered":"GREQI : Babai 53-vjecar d\u00ebnohet me 15 vite burg, i biri lihet i lir\u00eb p\u00ebr vrasjen e shqiptarit Janis Topali, baba i tre f\u00ebmij\u00ebve t\u00eb mitur."},"content":{"rendered":"<p>Nga Athina,shkruan Shpetim Zinxhiria<\/p>\n<p>Drejt\u00ebsi me dy standarte?<\/p>\n<p>Padrejt\u00ebsia dhe drejt\u00ebsia nuk shkojn\u00eb bashk\u00eb, ato kan\u00eb q\u00ebndrime te kund\u00ebrta duam apo nuk duam ne.<\/p>\n<p>Por!<\/p>\n<p>56 \u2013 vje\u00e7ari Shaban Safet Veizi po vuan 25 vite burg p\u00ebr 16 kg hashash q\u00eb nga viti 2004, sot ndodhet ne burgun e Hanias ne Kret\u00eb, nd\u00ebrsa sot nj\u00eb 53-vje\u00e7ar shtetas grek d\u00ebnohet me 15 vite burg p\u00ebr vrasjen e biznesmenit shqiptar, nd\u00ebrsa I biri si bashk\u00ebpun\u00ebtor lihet I lire, nj\u00eb vrasje e kryer pasi bisnezmenit shqiptar I kishin mij\u00ebra euro borxh p\u00ebr pun\u00ebn e kryer ne 2019. <\/p>\n<p>Gjykata e Bashkuar e ishullit Kos ka vendosur d\u00ebnimin me 15 vjet burgim p\u00ebr 53-vje\u00e7arin dhe djalin e tij 20-vje\u00e7ar, t\u00eb cil\u00ebt u shpall\u00ebn fajtor\u00eb p\u00ebr vrasjen me paramendim n\u00eb gjendje t\u00eb qet\u00eb shpirt\u00ebrore 46-vje\u00e7arin shqiptar, babai i tre f\u00ebmij\u00ebve t\u00eb mitur, Tzani Topalli&#8230;<br \/>\nSipas gazetes lokale, 53-vje\u00e7ari dhe djali i tij u shpall\u00ebn fajtor\u00eb me mazhoranc\u00ebn 5 me 2 me dy an\u00ebtar\u00eb t\u00eb juris\u00eb q\u00eb abstenuan t\u00eb cil\u00ebt e shpall\u00ebn 20-vje\u00e7arin t\u00eb pafajsh\u00ebm.<br \/>\nKujtohet se biznesmeni shqiptar 46-vje\u00e7ar u vra, m\u00eb 28 gusht t\u00eb vitit 2023, n\u00eb Faliraki t\u00eb Rodos, jasht\u00eb dhomave me qira n\u00eb pron\u00ebsi t\u00eb autorit t\u00eb rr\u00ebfyer 53-vje\u00e7ar.<br \/>\nDy t\u00eb pandehurit, n\u00eb pranimin e tyre para se t\u00eb d\u00ebnoheshin me paraburgim n\u00eb shtator t\u00eb vitit 2023 dhe n\u00eb prani t\u00eb avokat\u00ebve t\u00eb tyre, pretenduan se vdekja e 46-vje\u00e7arit ka ardhur si pasoj\u00eb e nj\u00eb aksidenti gjat\u00eb nj\u00eb sherri, me arsyetimin se me sa duket. rezultoi nga r\u00ebnia e tij n\u00eb tok\u00eb, nd\u00ebrsa ai ishte I lidhur me nj\u00eb litar rreth qaf\u00ebs s\u00eb tij. Ata gjithashtu theksuan se p\u00ebr k\u00ebt\u00eb nuk ka faj 20-vje\u00e7ari.<br \/>\nArsyet m\u00ebsohet t\u00eb jen\u00eb financiare dhe konkretisht, nj\u00eb shum\u00eb prej disa mij\u00ebra eurosh, t\u00eb cil\u00ebn 53-vje\u00e7ari dyshohet se i detyrohet p\u00ebr pun\u00ebn q\u00eb kishte b\u00ebr\u00eb n\u00eb biznesin e tij n\u00eb vitin 2019, 46-vje\u00e7arit.<\/p>\n<p>Ekzaminimi i mjekut n\u00eb trupin e kontraktorit zbuloi dy goditje n\u00eb kok\u00eb q\u00eb shkaktuan l\u00ebndime. Nga k\u00ebto plag\u00eb, sipas mjekes 46-vje\u00e7ari ka nd\u00ebrruar jet\u00eb.<\/p>\n<p>Nj\u00eb vrasje me paramendim q\u00eb drejtesia i jep nje denim qesharak q\u00eb mund te fitojne ne librin e madh te Gines<br \/>\n(N\u00eb foto: viktima)<\/p>\n","protected":false},"excerpt":{"rendered":"<p>Nga Athina,shkruan Shpetim Zinxhiria Drejt\u00ebsi me dy standarte? Padrejt\u00ebsia dhe drejt\u00ebsia nuk shkojn\u00eb bashk\u00eb, ato kan\u00eb q\u00ebndrime te kund\u00ebrta duam apo nuk duam ne. Por! 56 \u2013 vje\u00e7ari Shaban Safet Veizi po vuan 25 vite burg p\u00ebr 16 kg hashash q\u00eb nga viti 2004, sot ndodhet ne burgun e Hanias ne Kret\u00eb, nd\u00ebrsa sot nj\u00eb [&hellip;]<\/p>\n","protected":false},"author":2,"featured_media":71585,"comment_status":"open","ping_status":"open","sticky":false,"template":"","format":"standard","meta":{"footnotes":""},"categories":[6],"tags":[27],"class_list":{"0":"post-71584","1":"post","2":"type-post","3":"status-publish","4":"format-standard","5":"has-post-thumbnail","7":"category-rajoni","8":"tag-lajme"},"_links":{"self":[{"href":"https:\/\/neutrale.al\/index.php\/wp-json\/wp\/v2\/posts\/71584","targetHints":{"allow":["GET"]}}],"collection":[{"href":"https:\/\/neutrale.al\/index.php\/wp-json\/wp\/v2\/posts"}],"about":[{"href":"https:\/\/neutrale.al\/index.php\/wp-json\/wp\/v2\/types\/post"}],"author":[{"embeddable":true,"href":"https:\/\/neutrale.al\/index.php\/wp-json\/wp\/v2\/users\/2"}],"replies":[{"embeddable":true,"href":"https:\/\/neutrale.al\/index.php\/wp-json\/wp\/v2\/comments?post=71584"}],"version-history":[{"count":1,"href":"https:\/\/neutrale.al\/index.php\/wp-json\/wp\/v2\/posts\/71584\/revisions"}],"predecessor-version":[{"id":71586,"href":"https:\/\/neutrale.al\/index.php\/wp-json\/wp\/v2\/posts\/71584\/revisions\/71586"}],"wp:featuredmedia":[{"embeddable":true,"href":"https:\/\/neutrale.al\/index.php\/wp-json\/wp\/v2\/media\/71585"}],"wp:attachment":[{"href":"https:\/\/neutrale.al\/index.php\/wp-json\/wp\/v2\/media?parent=71584"}],"wp:term":[{"taxonomy":"category","embeddable":true,"href":"https:\/\/neutrale.al\/index.php\/wp-json\/wp\/v2\/categories?post=71584"},{"taxonomy":"post_tag","embeddable":true,"href":"https:\/\/neutrale.al\/index.php\/wp-json\/wp\/v2\/tags?post=71584"}],"curies":[{"name":"wp","href":"https:\/\/api.w.org\/{rel}","templated":true}]}}