{"id":71577,"date":"2024-03-01T13:05:03","date_gmt":"2024-03-01T13:05:03","guid":{"rendered":"https:\/\/neutrale.al\/?p=71577"},"modified":"2024-03-01T13:05:03","modified_gmt":"2024-03-01T13:05:03","slug":"me-ftese-te-presidentit-begaj-nje-perfaqesi-nga-komunat-arbereshe-do-te-marrin-pjese-ne-festimet-e-580-vjetorit-te-beselidhjes-se-lezhes","status":"publish","type":"post","link":"https:\/\/neutrale.al\/index.php\/2024\/03\/01\/me-ftese-te-presidentit-begaj-nje-perfaqesi-nga-komunat-arbereshe-do-te-marrin-pjese-ne-festimet-e-580-vjetorit-te-beselidhjes-se-lezhes\/","title":{"rendered":"Me ftes\u00eb t\u00eb Presidentit Begaj, nj\u00eb p\u00ebrfaq\u00ebsi nga komunat arb\u00ebreshe do t\u00eb marrin pjes\u00eb n\u00eb festimet e 580-vjetorit t\u00eb Bes\u00eblidhjes s\u00eb Lezh\u00ebs."},"content":{"rendered":"<p>Me ftes\u00eb t\u00eb Presidentit t\u00eb Republik\u00ebs s\u00eb Shqip\u00ebris\u00eb, Bajram Begaj nj\u00eb p\u00ebrfaq\u00ebsi t\u00eb zgjedhurish nga krahinat e komunave arb\u00ebreshe do t\u00eb marrin pjes\u00eb n\u00eb festimet e 580-vjetorit t\u00eb Bes\u00eblidhjes s\u00eb Lezh\u00ebs.<\/p>\n<p>Presidenti i Republik\u00ebs s\u00eb Shqip\u00ebris\u00eb, Bajram Begaj, pret nes\u00ebr nj\u00eb delegacion t\u00eb gjer\u00eb arb\u00ebresh\u00ebsh nga Italia, t\u00eb cil\u00ebt  do t\u00eb zhvillojn\u00eb nj\u00eb vizit\u00eb treditore n\u00eb Shqip\u00ebri me rastin e kremtimit t\u00eb 580 vjetorit t\u00eb Bes\u00eblidhjes s\u00eb Lezh\u00ebs.<br \/>\n N\u00eb t\u00eb marrin pjes\u00eb drejtues t\u00eb krahinave dhe komunave arb\u00ebreshe, aktivist\u00eb, gazetar\u00eb  dhe p\u00ebrfaq\u00ebsues t\u00eb shoqatave q\u00eb i sh\u00ebrbejn\u00eb dhe kontribuojn\u00eb p\u00ebr k\u00ebt\u00eb komunitet dhe forcimin e lidhjeve me Shqip\u00ebrin\u00eb.<br \/>\nPritja e arb\u00ebresh\u00ebve zhvillohet n\u00eb Institucionin e Presidenc\u00ebs m\u00eb dat\u00ebn 2 mars n\u00eb or\u00ebn 07:30<br \/>\nM\u00eb pas Presidenti i Republik\u00ebs bashk\u00eb me delegacionin arb\u00ebresh nisen p\u00ebr n\u00eb Lezh\u00eb.<br \/>\nKremtimi i 580 vjetorit t\u00eb Bes\u00eblidhjes s\u00eb Lezh\u00ebs, nis n\u00eb or\u00ebn 10:30 me ceremonin\u00eb e ngritjes s\u00eb Flamurit tek Obelisku i Bes\u00eblidhjes s\u00eb Lezh\u00ebs e vijon me vizit\u00ebn n\u00eb Panairin e Trash\u00ebgimis\u00eb Kulturore.<br \/>\nCeremonia zyrtare mbahet n\u00eb Pallatin e Kultur\u00ebs Lezh\u00eb, ku Presidenti Begaj do t\u00eb mbaj\u00eb nj\u00eb fjal\u00eb p\u00ebr t\u00eb pranishmit.<\/p>\n<p>(Foto ilustruese nga nj\u00eb takim i Presidentit me Arb\u00ebrsh\u00eb t\u00eb Italis\u00eb)<\/p>\n","protected":false},"excerpt":{"rendered":"<p>Me ftes\u00eb t\u00eb Presidentit t\u00eb Republik\u00ebs s\u00eb Shqip\u00ebris\u00eb, Bajram Begaj nj\u00eb p\u00ebrfaq\u00ebsi t\u00eb zgjedhurish nga krahinat e komunave arb\u00ebreshe do t\u00eb marrin pjes\u00eb n\u00eb festimet e 580-vjetorit t\u00eb Bes\u00eblidhjes s\u00eb Lezh\u00ebs. Presidenti i Republik\u00ebs s\u00eb Shqip\u00ebris\u00eb, Bajram Begaj, pret nes\u00ebr nj\u00eb delegacion t\u00eb gjer\u00eb arb\u00ebresh\u00ebsh nga Italia, t\u00eb cil\u00ebt do t\u00eb zhvillojn\u00eb nj\u00eb vizit\u00eb treditore [&hellip;]<\/p>\n","protected":false},"author":2,"featured_media":71578,"comment_status":"open","ping_status":"open","sticky":false,"template":"","format":"standard","meta":{"footnotes":""},"categories":[118],"tags":[],"class_list":{"0":"post-71577","1":"post","2":"type-post","3":"status-publish","4":"format-standard","5":"has-post-thumbnail","7":"category-kryesore"},"_links":{"self":[{"href":"https:\/\/neutrale.al\/index.php\/wp-json\/wp\/v2\/posts\/71577","targetHints":{"allow":["GET"]}}],"collection":[{"href":"https:\/\/neutrale.al\/index.php\/wp-json\/wp\/v2\/posts"}],"about":[{"href":"https:\/\/neutrale.al\/index.php\/wp-json\/wp\/v2\/types\/post"}],"author":[{"embeddable":true,"href":"https:\/\/neutrale.al\/index.php\/wp-json\/wp\/v2\/users\/2"}],"replies":[{"embeddable":true,"href":"https:\/\/neutrale.al\/index.php\/wp-json\/wp\/v2\/comments?post=71577"}],"version-history":[{"count":1,"href":"https:\/\/neutrale.al\/index.php\/wp-json\/wp\/v2\/posts\/71577\/revisions"}],"predecessor-version":[{"id":71579,"href":"https:\/\/neutrale.al\/index.php\/wp-json\/wp\/v2\/posts\/71577\/revisions\/71579"}],"wp:featuredmedia":[{"embeddable":true,"href":"https:\/\/neutrale.al\/index.php\/wp-json\/wp\/v2\/media\/71578"}],"wp:attachment":[{"href":"https:\/\/neutrale.al\/index.php\/wp-json\/wp\/v2\/media?parent=71577"}],"wp:term":[{"taxonomy":"category","embeddable":true,"href":"https:\/\/neutrale.al\/index.php\/wp-json\/wp\/v2\/categories?post=71577"},{"taxonomy":"post_tag","embeddable":true,"href":"https:\/\/neutrale.al\/index.php\/wp-json\/wp\/v2\/tags?post=71577"}],"curies":[{"name":"wp","href":"https:\/\/api.w.org\/{rel}","templated":true}]}}