{"id":71561,"date":"2024-03-01T12:17:20","date_gmt":"2024-03-01T12:17:20","guid":{"rendered":"https:\/\/neutrale.al\/?p=71561"},"modified":"2024-03-01T12:17:20","modified_gmt":"2024-03-01T12:17:20","slug":"1-marsi-dita-e-veres-festohet-ne-disa-qytete-te-shqiperise-tradita-ne-shqiperi-greqi-bullgari-dhe-rumani","status":"publish","type":"post","link":"https:\/\/neutrale.al\/index.php\/2024\/03\/01\/1-marsi-dita-e-veres-festohet-ne-disa-qytete-te-shqiperise-tradita-ne-shqiperi-greqi-bullgari-dhe-rumani\/","title":{"rendered":"1 Marsi, dita e ver\u00ebs , festohet n\u00eb disa qytete t\u00eb Shqip\u00ebris\u00eb\/ Tradita n\u00eb Shqip\u00ebri, Greqi, Bullgari dhe Rumani"},"content":{"rendered":"<p>Rr\u00ebnj\u00ebt e fest\u00ebs jan\u00eb n\u00eb antikitetin Grek, n\u00eb Misteret e Elefsin\u00ebs, konkretisht n\u00eb Misteret e vogla t\u00eb Elefsin\u00ebs q\u00eb festoheshin n\u00eb periudh\u00ebn pranverore, shkurt-mars. Sipas ritualeve t\u00eb lashta, prind\u00ebrit u vendosnin f\u00ebmij\u00ebve nj\u00eb lidh\u00ebse me ngjyr\u00eb t\u00eb kuqe dhe t\u00eb bardh\u00eb, t\u00eb quajtur Kroki (\u03ba\u03c1\u03cc\u03ba\u03b7), n\u00eb dor\u00ebn e djatht\u00eb dhe n\u00eb k\u00ebmb\u00ebn e majt\u00eb, me q\u00ebllim t&#8217;i mbronte fytyrat e f\u00ebmij\u00ebve nga rrezet e para t\u00eb diellit t\u00eb Pranver\u00ebs. <\/p>\n<p>N\u00eb tradit\u00ebn e sotme t\u00eb folklorit grek, verorja e quajtur Martis (\u039c\u03ac\u03c1\u03c4\u03b7\u03c2) p\u00ebrgatitet dit\u00ebn e fundit t\u00eb shkurtit dhe vendoset n\u00eb m\u00ebngjesin e dat\u00ebs 1 mars pa dal\u00eb nga sht\u00ebpia. Ajo hiqet n\u00eb dat\u00ebn 31 mars dhe lihet n\u00eb lulet e tr\u00ebndafilave menj\u00ebher\u00eb sa shohin dall\u00ebndyshe q\u00eb fluturojn\u00eb, t\u00eb cilat me to do t\u00eb nd\u00ebrtojn\u00eb folet\u00eb e tyre. N\u00eb sheshe ndizen zjarre dhe njer\u00ebzit k\u00ebrcejn\u00eb tre her\u00eb mbi to, me q\u00ebllim largimin e s\u00eb keqes dhe hyrjen e mbar\u00eb t\u00eb marsit.<\/p>\n<p> N\u00eb tradit\u00ebn shqiptare verorja lihet n\u00eb nj\u00eb pem\u00eb t\u00eb lul\u00ebzuar me q\u00ebllim q\u00eb t\u00eb jap\u00eb m\u00eb shum\u00eb pjellori dhe mbar\u00ebsi n\u00eb jet\u00eb. Zjarret jan\u00eb gjithashtu nj\u00eb tradit\u00eb n\u00eb qytetet dhe fshatrat shqiptare.<\/p>\n<p>N\u00eb tradit\u00ebn bullgare verorja (martenica) mund t\u00eb lihet edhe posht\u00eb nj\u00eb guri dhe n\u00ebse t\u00eb nes\u00ebrmen shohin atje nj\u00eb krimb, at\u00ebher\u00eb viti do t\u00eb jet\u00eb i mbar\u00eb. N\u00eb disa rajone t\u00eb Bullgaris\u00eb, vendoset te dera e sht\u00ebpis\u00eb nj\u00eb cop\u00eb basm\u00eb ngjyr\u00eb e kuqe, p\u00ebr t\u00eb mbrojtur njer\u00ebzit nga Gjysja Marta, e shoqja e Marsit, duke simbolizuar k\u00ebshtu nj\u00eb lloj hajmalie p\u00ebr sh\u00ebndetin dhe mbar\u00ebsin\u00eb e familjeve.<\/p>\n<p>N\u00eb Rumani verorja (martisor) simbolizon t\u00eb kuqen e dashuris\u00eb p\u00ebr t\u00eb bukur\u00ebn dhe sakrific\u00ebn, si dhe past\u00ebrtin\u00eb e ngjyr\u00ebs s\u00eb bardh\u00eb.<\/p>\n<p> G\u00ebzuar pra dit\u00ebn e ver\u00ebs dhe nj\u00eb muaj t\u00eb mbar\u00eb dhe t\u00eb bukur!<\/p>\n<p>P\u00ebrgatiti Matilda Ruci<\/p>\n","protected":false},"excerpt":{"rendered":"<p>Rr\u00ebnj\u00ebt e fest\u00ebs jan\u00eb n\u00eb antikitetin Grek, n\u00eb Misteret e Elefsin\u00ebs, konkretisht n\u00eb Misteret e vogla t\u00eb Elefsin\u00ebs q\u00eb festoheshin n\u00eb periudh\u00ebn pranverore, shkurt-mars. Sipas ritualeve t\u00eb lashta, prind\u00ebrit u vendosnin f\u00ebmij\u00ebve nj\u00eb lidh\u00ebse me ngjyr\u00eb t\u00eb kuqe dhe t\u00eb bardh\u00eb, t\u00eb quajtur Kroki (\u03ba\u03c1\u03cc\u03ba\u03b7), n\u00eb dor\u00ebn e djatht\u00eb dhe n\u00eb k\u00ebmb\u00ebn e majt\u00eb, me [&hellip;]<\/p>\n","protected":false},"author":2,"featured_media":71562,"comment_status":"open","ping_status":"open","sticky":false,"template":"","format":"standard","meta":{"footnotes":""},"categories":[1],"tags":[],"class_list":{"0":"post-71561","1":"post","2":"type-post","3":"status-publish","4":"format-standard","5":"has-post-thumbnail","7":"category-te-tjera"},"_links":{"self":[{"href":"https:\/\/neutrale.al\/index.php\/wp-json\/wp\/v2\/posts\/71561","targetHints":{"allow":["GET"]}}],"collection":[{"href":"https:\/\/neutrale.al\/index.php\/wp-json\/wp\/v2\/posts"}],"about":[{"href":"https:\/\/neutrale.al\/index.php\/wp-json\/wp\/v2\/types\/post"}],"author":[{"embeddable":true,"href":"https:\/\/neutrale.al\/index.php\/wp-json\/wp\/v2\/users\/2"}],"replies":[{"embeddable":true,"href":"https:\/\/neutrale.al\/index.php\/wp-json\/wp\/v2\/comments?post=71561"}],"version-history":[{"count":1,"href":"https:\/\/neutrale.al\/index.php\/wp-json\/wp\/v2\/posts\/71561\/revisions"}],"predecessor-version":[{"id":71563,"href":"https:\/\/neutrale.al\/index.php\/wp-json\/wp\/v2\/posts\/71561\/revisions\/71563"}],"wp:featuredmedia":[{"embeddable":true,"href":"https:\/\/neutrale.al\/index.php\/wp-json\/wp\/v2\/media\/71562"}],"wp:attachment":[{"href":"https:\/\/neutrale.al\/index.php\/wp-json\/wp\/v2\/media?parent=71561"}],"wp:term":[{"taxonomy":"category","embeddable":true,"href":"https:\/\/neutrale.al\/index.php\/wp-json\/wp\/v2\/categories?post=71561"},{"taxonomy":"post_tag","embeddable":true,"href":"https:\/\/neutrale.al\/index.php\/wp-json\/wp\/v2\/tags?post=71561"}],"curies":[{"name":"wp","href":"https:\/\/api.w.org\/{rel}","templated":true}]}}