{"id":71459,"date":"2024-02-29T09:56:27","date_gmt":"2024-02-29T09:56:27","guid":{"rendered":"https:\/\/neutrale.al\/?p=71459"},"modified":"2024-02-29T09:56:27","modified_gmt":"2024-02-29T09:56:27","slug":"tirane-vihen-ne-pranga-dy-shtetas-te-shpallur-ne-kerkim","status":"publish","type":"post","link":"https:\/\/neutrale.al\/index.php\/2024\/02\/29\/tirane-vihen-ne-pranga-dy-shtetas-te-shpallur-ne-kerkim\/","title":{"rendered":"Tiran\u00eb\/ Vihen n\u00eb pranga dy shtetas t\u00eb shpallur n\u00eb k\u00ebrkim."},"content":{"rendered":"<p>Detajet- Njoftimi i Policis\u00eb s\u00eb Shtetit:<\/p>\n<p>Vijojn\u00eb kontrollet intensive n\u00eb kuad\u00ebr t\u00eb megaoperacionit \u201cSundimi i ligjit\u201d.  <\/p>\n<p>Kapen dhe vihen n\u00eb pranga, nga strukturat e Komisariarit t\u00eb Policis\u00eb Nr. 4 dhe t\u00eb Komisariatit t\u00eb Policis\u00eb Nr. 5, dy shtetas t\u00eb shpallur n\u00eb k\u00ebrkim.    <\/p>\n<p>Strukturat e Komisariatit t\u00eb Policis\u00eb Nr. 4 dhe ato t\u00eb Komisariatit t\u00eb Policis\u00eb Nr. 5, n\u00eb zbatim t\u00eb masave t\u00eb hartuara n\u00eb kuad\u00ebr t\u00eb megaoperacionit policor t\u00eb koduar &#8220;Sundimi i ligjit&#8221;, bazuar n\u00eb informacionet e siguruara n\u00eb rrug\u00eb operative, mbi vendndodhjen e dy shtetasve n\u00eb k\u00ebrkim, kan\u00eb intensifikuar kontrollet p\u00ebr kapjen dhe v\u00ebnien e tyre, p\u00ebrpara p\u00ebrgjegj\u00ebsis\u00eb ligjore. <\/p>\n<p>Si rezultat i kontrolleve: <\/p>\n<p>\u2714\ufe0f Sh\u00ebrbimet e Komisariatit t\u00eb Policis\u00eb Nr. 4 kap\u00ebn dhe ndaluan shtetasin D. H., 40 vje\u00e7, banues n\u00eb Tiran\u00eb, i cili ishte shpallur n\u00eb k\u00ebrkim pasi Gjykata e Shkall\u00ebs s\u00eb Par\u00eb e Juridiksionit t\u00eb P\u00ebrgjithsh\u00ebm Tiran\u00eb i ka caktuar mas\u00ebn e siguris\u00eb \u201cArrest n\u00eb burg\u201d, p\u00ebr vepr\u00ebn penale \u201cVrasja me paramendim&#8221;, mbetur n\u00eb tentativ\u00eb. Ky shtetas dyshohet se m\u00eb dat\u00eb 03.06.2023, n\u00eb Paskuqan, ka tentuar t\u00eb vras\u00eb me mjet prer\u00ebs (thik\u00eb), nj\u00eb 24-vje\u00e7ar;  <\/p>\n<p>\u2714\ufe0f Sh\u00ebrbimet e Komisariatit t\u00eb Policis\u00eb Nr. 5 kap\u00ebn dhe ndaluan shtetasin A. B., 40 vje\u00e7, banues n\u00eb Tiran\u00eb, i cili ishte shpallur n\u00eb k\u00ebrkim pasi Gjykata e Apelit e Juridiksionit t\u00eb P\u00ebrgjithsh\u00ebm Tiran\u00eb i ka caktuar mas\u00ebn e siguris\u00eb \u201cArrest n\u00eb burg\u201d, p\u00ebr vepr\u00ebn penale \u201cNdihma p\u00ebr kalim t\u00eb paligjsh\u00ebm t\u00eb kufijve&#8221;.   <\/p>\n<p>Megaoperacioni &#8220;Sundimi i ligjit&#8221; vazhdon.   <\/p>\n<p>Materialet procedurale i kaluan Prokuroris\u00eb pran\u00eb Gjykat\u00ebs s\u00eb Shkall\u00ebs s\u00eb Par\u00eb t\u00eb Juridiksionit t\u00eb P\u00ebrgjithsh\u00ebm Tiran\u00eb, p\u00ebr veprime t\u00eb m\u00ebtejshme.<\/p>\n","protected":false},"excerpt":{"rendered":"<p>Detajet- Njoftimi i Policis\u00eb s\u00eb Shtetit: Vijojn\u00eb kontrollet intensive n\u00eb kuad\u00ebr t\u00eb megaoperacionit \u201cSundimi i ligjit\u201d. Kapen dhe vihen n\u00eb pranga, nga strukturat e Komisariarit t\u00eb Policis\u00eb Nr. 4 dhe t\u00eb Komisariatit t\u00eb Policis\u00eb Nr. 5, dy shtetas t\u00eb shpallur n\u00eb k\u00ebrkim. Strukturat e Komisariatit t\u00eb Policis\u00eb Nr. 4 dhe ato t\u00eb Komisariatit t\u00eb Policis\u00eb [&hellip;]<\/p>\n","protected":false},"author":2,"featured_media":71460,"comment_status":"open","ping_status":"open","sticky":false,"template":"","format":"standard","meta":{"footnotes":""},"categories":[117],"tags":[27],"class_list":{"0":"post-71459","1":"post","2":"type-post","3":"status-publish","4":"format-standard","5":"has-post-thumbnail","7":"category-aktualitet","8":"tag-lajme"},"_links":{"self":[{"href":"https:\/\/neutrale.al\/index.php\/wp-json\/wp\/v2\/posts\/71459","targetHints":{"allow":["GET"]}}],"collection":[{"href":"https:\/\/neutrale.al\/index.php\/wp-json\/wp\/v2\/posts"}],"about":[{"href":"https:\/\/neutrale.al\/index.php\/wp-json\/wp\/v2\/types\/post"}],"author":[{"embeddable":true,"href":"https:\/\/neutrale.al\/index.php\/wp-json\/wp\/v2\/users\/2"}],"replies":[{"embeddable":true,"href":"https:\/\/neutrale.al\/index.php\/wp-json\/wp\/v2\/comments?post=71459"}],"version-history":[{"count":1,"href":"https:\/\/neutrale.al\/index.php\/wp-json\/wp\/v2\/posts\/71459\/revisions"}],"predecessor-version":[{"id":71461,"href":"https:\/\/neutrale.al\/index.php\/wp-json\/wp\/v2\/posts\/71459\/revisions\/71461"}],"wp:featuredmedia":[{"embeddable":true,"href":"https:\/\/neutrale.al\/index.php\/wp-json\/wp\/v2\/media\/71460"}],"wp:attachment":[{"href":"https:\/\/neutrale.al\/index.php\/wp-json\/wp\/v2\/media?parent=71459"}],"wp:term":[{"taxonomy":"category","embeddable":true,"href":"https:\/\/neutrale.al\/index.php\/wp-json\/wp\/v2\/categories?post=71459"},{"taxonomy":"post_tag","embeddable":true,"href":"https:\/\/neutrale.al\/index.php\/wp-json\/wp\/v2\/tags?post=71459"}],"curies":[{"name":"wp","href":"https:\/\/api.w.org\/{rel}","templated":true}]}}