{"id":71320,"date":"2024-02-27T12:03:12","date_gmt":"2024-02-27T12:03:12","guid":{"rendered":"https:\/\/neutrale.al\/?p=71320"},"modified":"2024-02-27T12:03:12","modified_gmt":"2024-02-27T12:03:12","slug":"reforma-zgjedhore-reagon-kreu-i-legalitetit-shpetim-axhami-dakortesi-per-te-mos-u-dakortesuar-drejt-deshtimit-te-qellimshem","status":"publish","type":"post","link":"https:\/\/neutrale.al\/index.php\/2024\/02\/27\/reforma-zgjedhore-reagon-kreu-i-legalitetit-shpetim-axhami-dakortesi-per-te-mos-u-dakortesuar-drejt-deshtimit-te-qellimshem\/","title":{"rendered":"Reforma Zgjedhore\/ Reagon kreu i Legalitetit, Shpetim Axhami: DAKORT\u00cbSI P\u00cbR T\u00cb MOS U DAKORT\u00cbSUAR! Drejt d\u00ebshtimit t\u00eb q\u00ebllimsh\u00ebm!"},"content":{"rendered":"<p>Afatet e kryerjes s\u00eb k\u00ebsaj reforme po kalojn\u00eb.<br \/>\nPal\u00ebt p\u00ebrcaktuese p\u00ebr ndryshime n\u00eb Kodin Zgjedhor akoma nuk jan\u00eb shprehur konkretisht p\u00ebr ndryshim t\u00eb sistemit zgjedhor e ndryshime t\u00eb<br \/>\ntjera n\u00eb kod e gjithashtu as p\u00ebr miratimin e rekomandimeve t\u00eb OSBE\/ODIHR.<\/p>\n<p>PLL, ka n\u00eb tryez\u00ebn e k\u00ebtij komisioni si edhe i ka b\u00ebr\u00eb publike propozimet e veta,<br \/>\n-T\u00eb mos lejohet kandidimi i ish punonj\u00ebsve dhe bashk\u00ebpuntor\u00ebve t\u00eb ish-sigurimit.<br \/>\n-T\u00eb lejohet q\u00eb \u00e7do parti koalicioni t\u00eb ket\u00eb listat e veta t\u00eb ve\u00e7anta me kandidat\u00eb.<br \/>\n-Sistem proporcional komb\u00ebtar.<br \/>\n-Lista t\u00eb hapura t\u00eb kandidat\u00ebbve.<br \/>\n-Vot\u00eb e diaspor\u00ebs<br \/>\n-Num\u00ebrim dhe votim elektronik.<br \/>\nNe mendojm\u00eb se \u00e7do parti opozitare dhe opozita n\u00eb t\u00ebr\u00ebsin\u00eb e vet duhet t\u00eb unifikojn\u00eb mendimet dhe propozimet e veta n\u00eb lidhje me k\u00ebt\u00eb reform\u00eb dhe t\u00eb jen\u00eb t\u00eb qart\u00eb se \u00e7far\u00eb presin e k\u00ebrkojn\u00eb prej saj.<\/p>\n<p>Ndryshe t\u00eb gjitha ato q\u00eb po shihen, d\u00ebgjohen e kuptohen deri tani, kan\u00eb vet\u00ebm nj\u00eb em\u00ebr, DAKORT\u00cbSI P\u00cbR T\u00cb MOS U DAKORT\u00cbSUAR, p\u00ebrpjekje p\u00ebr t\u00eb mbajtur peng sistemin zgjedhor si edhe ka ndodhur prej shum\u00eb vitesh, kjo n\u00eb d\u00ebm t\u00eb pluralizmit e demokracis\u00eb p\u00ebr t\u00eb cilat sot m\u00eb tep\u00ebr se kurr\u00eb vendi yn\u00eb ka nevoj\u00eb.<\/p>\n","protected":false},"excerpt":{"rendered":"<p>Afatet e kryerjes s\u00eb k\u00ebsaj reforme po kalojn\u00eb. Pal\u00ebt p\u00ebrcaktuese p\u00ebr ndryshime n\u00eb Kodin Zgjedhor akoma nuk jan\u00eb shprehur konkretisht p\u00ebr ndryshim t\u00eb sistemit zgjedhor e ndryshime t\u00eb tjera n\u00eb kod e gjithashtu as p\u00ebr miratimin e rekomandimeve t\u00eb OSBE\/ODIHR. PLL, ka n\u00eb tryez\u00ebn e k\u00ebtij komisioni si edhe i ka b\u00ebr\u00eb publike propozimet e [&hellip;]<\/p>\n","protected":false},"author":2,"featured_media":71321,"comment_status":"open","ping_status":"open","sticky":false,"template":"","format":"standard","meta":{"footnotes":""},"categories":[9],"tags":[],"class_list":{"0":"post-71320","1":"post","2":"type-post","3":"status-publish","4":"format-standard","5":"has-post-thumbnail","7":"category-politika"},"_links":{"self":[{"href":"https:\/\/neutrale.al\/index.php\/wp-json\/wp\/v2\/posts\/71320","targetHints":{"allow":["GET"]}}],"collection":[{"href":"https:\/\/neutrale.al\/index.php\/wp-json\/wp\/v2\/posts"}],"about":[{"href":"https:\/\/neutrale.al\/index.php\/wp-json\/wp\/v2\/types\/post"}],"author":[{"embeddable":true,"href":"https:\/\/neutrale.al\/index.php\/wp-json\/wp\/v2\/users\/2"}],"replies":[{"embeddable":true,"href":"https:\/\/neutrale.al\/index.php\/wp-json\/wp\/v2\/comments?post=71320"}],"version-history":[{"count":1,"href":"https:\/\/neutrale.al\/index.php\/wp-json\/wp\/v2\/posts\/71320\/revisions"}],"predecessor-version":[{"id":71322,"href":"https:\/\/neutrale.al\/index.php\/wp-json\/wp\/v2\/posts\/71320\/revisions\/71322"}],"wp:featuredmedia":[{"embeddable":true,"href":"https:\/\/neutrale.al\/index.php\/wp-json\/wp\/v2\/media\/71321"}],"wp:attachment":[{"href":"https:\/\/neutrale.al\/index.php\/wp-json\/wp\/v2\/media?parent=71320"}],"wp:term":[{"taxonomy":"category","embeddable":true,"href":"https:\/\/neutrale.al\/index.php\/wp-json\/wp\/v2\/categories?post=71320"},{"taxonomy":"post_tag","embeddable":true,"href":"https:\/\/neutrale.al\/index.php\/wp-json\/wp\/v2\/tags?post=71320"}],"curies":[{"name":"wp","href":"https:\/\/api.w.org\/{rel}","templated":true}]}}