{"id":71277,"date":"2024-02-26T21:07:56","date_gmt":"2024-02-26T21:07:56","guid":{"rendered":"https:\/\/neutrale.al\/?p=71277"},"modified":"2024-02-26T21:07:56","modified_gmt":"2024-02-26T21:07:56","slug":"ish-gjyqtari-hasani-ashtu-si-kam-denuar-aranit-celen-me-shoke-po-mu-dha-mundesia-do-i-denoj-edhe-keta","status":"publish","type":"post","link":"https:\/\/neutrale.al\/index.php\/2024\/02\/26\/ish-gjyqtari-hasani-ashtu-si-kam-denuar-aranit-celen-me-shoke-po-mu-dha-mundesia-do-i-denoj-edhe-keta\/","title":{"rendered":"Ish gjyqtari, Hasani:  Ashtu si kam d\u00ebnuar Aranit \u00c7el\u00ebn me shok\u00eb, po mu dha mund\u00ebsia do i d\u00ebnoj edhe k\u00ebta"},"content":{"rendered":"<p>Fjala e avokat Shaqir Hasani para mb\u00ebshtet\u00ebsve t\u00eb Dr. Sali Berish\u00ebs te rrugica e rezistenc\u00ebs, sikurse demokrat\u00ebt e kan\u00eb pag\u00ebzuar:<\/p>\n<p>&#8220;Un\u00eb jam Shaqir Hasani dhe vij nga nj\u00eb trev\u00eb shum\u00eb me vlera si Mal\u00ebsia e Madhe. <\/p>\n<p>Un\u00eb jam ish, se jemi b\u00ebr\u00eb me shum\u00eb isha p\u00ebrpara sepse jam ish i p\u00ebrndjekur, ish gjyqtar dhe ish avokat sa her\u00eb q\u00eb vijn\u00eb komunistat  n\u00eb pushtet ne na heqin nga puna.<\/p>\n<p>Zgjodha k\u00ebt\u00eb dit\u00eb pasi komunist\u00ebt kur erdh\u00ebn n\u00eb pushtet pushkatuan deputet\u00ebt q\u00eb ishin kund\u00ebr tyre.<\/p>\n<p>Jam sot k\u00ebtu p\u00ebr t\u00eb th\u00ebn\u00eb se kur isha gjykat\u00ebs d\u00ebnova kriminel\u00ebt e diktatur\u00ebs. Jam nj\u00eb nga ata persona q\u00eb d\u00ebnova sipas ligjit kriminel\u00ebt.<\/p>\n<p> Mal\u00ebsia e Madhe nuk e ka ulur kok\u00ebn kurr\u00eb dhe nuk ka b\u00ebr\u00eb kryengritje, pasi kryengritje b\u00ebjn\u00eb skllev\u00ebrit, t\u00eb nj\u00ebjt\u00ebn gj\u00eb them un\u00eb p\u00ebr ju q\u00eb nuk e keni ulur kok\u00ebn kurr\u00eb p\u00ebrball\u00eb k\u00ebtij regjim.<\/p>\n<p>Berisha nuk ka nevoj\u00eb p\u00ebr avokat pasi njer\u00ebzit e ndersh\u00ebm kan\u00eb ndershm\u00ebrin\u00eb si avokat t\u00eb tyre. e dim\u00eb t\u00eb gjith\u00eb se pika m\u00eb e fort\u00eb e Berish\u00ebs \u00ebsht\u00eb ndershm\u00ebria, \u00ebsht\u00eb nj\u00eb person familjar dhe shtetformues.<\/p>\n<p>Ashti si un\u00eb kam d\u00ebnaur Aranit \u00c7el\u00ebn me shok\u00eb ashtu po mu dha mund\u00ebsia do t\u00eb d\u00ebnoj dhe k\u00ebta.<\/p>\n","protected":false},"excerpt":{"rendered":"<p>Fjala e avokat Shaqir Hasani para mb\u00ebshtet\u00ebsve t\u00eb Dr. Sali Berish\u00ebs te rrugica e rezistenc\u00ebs, sikurse demokrat\u00ebt e kan\u00eb pag\u00ebzuar: &#8220;Un\u00eb jam Shaqir Hasani dhe vij nga nj\u00eb trev\u00eb shum\u00eb me vlera si Mal\u00ebsia e Madhe. Un\u00eb jam ish, se jemi b\u00ebr\u00eb me shum\u00eb isha p\u00ebrpara sepse jam ish i p\u00ebrndjekur, ish gjyqtar dhe ish [&hellip;]<\/p>\n","protected":false},"author":2,"featured_media":71278,"comment_status":"open","ping_status":"open","sticky":false,"template":"","format":"standard","meta":{"footnotes":""},"categories":[9],"tags":[],"class_list":{"0":"post-71277","1":"post","2":"type-post","3":"status-publish","4":"format-standard","5":"has-post-thumbnail","7":"category-politika"},"_links":{"self":[{"href":"https:\/\/neutrale.al\/index.php\/wp-json\/wp\/v2\/posts\/71277","targetHints":{"allow":["GET"]}}],"collection":[{"href":"https:\/\/neutrale.al\/index.php\/wp-json\/wp\/v2\/posts"}],"about":[{"href":"https:\/\/neutrale.al\/index.php\/wp-json\/wp\/v2\/types\/post"}],"author":[{"embeddable":true,"href":"https:\/\/neutrale.al\/index.php\/wp-json\/wp\/v2\/users\/2"}],"replies":[{"embeddable":true,"href":"https:\/\/neutrale.al\/index.php\/wp-json\/wp\/v2\/comments?post=71277"}],"version-history":[{"count":1,"href":"https:\/\/neutrale.al\/index.php\/wp-json\/wp\/v2\/posts\/71277\/revisions"}],"predecessor-version":[{"id":71279,"href":"https:\/\/neutrale.al\/index.php\/wp-json\/wp\/v2\/posts\/71277\/revisions\/71279"}],"wp:featuredmedia":[{"embeddable":true,"href":"https:\/\/neutrale.al\/index.php\/wp-json\/wp\/v2\/media\/71278"}],"wp:attachment":[{"href":"https:\/\/neutrale.al\/index.php\/wp-json\/wp\/v2\/media?parent=71277"}],"wp:term":[{"taxonomy":"category","embeddable":true,"href":"https:\/\/neutrale.al\/index.php\/wp-json\/wp\/v2\/categories?post=71277"},{"taxonomy":"post_tag","embeddable":true,"href":"https:\/\/neutrale.al\/index.php\/wp-json\/wp\/v2\/tags?post=71277"}],"curies":[{"name":"wp","href":"https:\/\/api.w.org\/{rel}","templated":true}]}}