{"id":71272,"date":"2024-02-26T20:25:14","date_gmt":"2024-02-26T20:25:14","guid":{"rendered":"https:\/\/neutrale.al\/?p=71272"},"modified":"2024-02-26T20:25:14","modified_gmt":"2024-02-26T20:25:14","slug":"me-rastin-e-zgjedhjes-se-tij-si-kryetar-i-konferences-ipeshkvnore-te-shqiperise-mons-gjergj-meta-vizitoi-diten-e-sotme-komunitetin-mysliman-te-shqiperise-ku-u-prit-nga-kryetari-h-bujar-spahiu","status":"publish","type":"post","link":"https:\/\/neutrale.al\/index.php\/2024\/02\/26\/me-rastin-e-zgjedhjes-se-tij-si-kryetar-i-konferences-ipeshkvnore-te-shqiperise-mons-gjergj-meta-vizitoi-diten-e-sotme-komunitetin-mysliman-te-shqiperise-ku-u-prit-nga-kryetari-h-bujar-spahiu\/","title":{"rendered":"Me rastin e zgjedhjes s\u00eb tij si Kryetar i Konferenc\u00ebs Ipeshkvnore t\u00eb Shqip\u00ebris\u00eb, Mons. Gjergj Meta, vizitoi dit\u00ebn e sotme Komunitetin Mysliman t\u00eb Shqip\u00ebris\u00eb, ku u prit nga Kryetari, H. Bujar Spahiu."},"content":{"rendered":"<p>Kryetari Spahiu, i uroi suksese z. Meta p\u00ebr detyr\u00ebn e re dhe shprehu gatishm\u00ebrin\u00eb e tij p\u00ebr ta thelluar m\u00eb tej bashk\u00ebpunimin n\u00eb promovimin e harmonis\u00eb dhe bashk\u00ebjetes\u00ebs nd\u00ebrfetare n\u00eb vendin ton\u00eb.<\/p>\n<p>Pasi e falenderoi kryetarin Spahiu p\u00ebr mikpritjen edhe z. Meta u tregua i gatsh\u00ebm p\u00ebr t\u00eb bashk\u00ebpunuar m\u00eb tej n\u00eb fusha me interes t\u00eb p\u00ebrbashk\u00ebt.<\/p>\n<p>Gjat\u00eb k\u00ebsaj vizite, Kryetari i ri i Konferenc\u00ebs Ipeshkvnore, Mons. Gjergj Meta, shoq\u00ebrohej nga Sekretari i P\u00ebrgjithsh\u00ebm i K\u00ebshillit Nd\u00ebrfetar t\u00eb Shqip\u00ebris\u00eb, Dr. Genti Kruja.<\/p>\n<p>Komuniteti Mysliman i Shqip\u00ebris\u00eb<\/p>\n","protected":false},"excerpt":{"rendered":"<p>Kryetari Spahiu, i uroi suksese z. Meta p\u00ebr detyr\u00ebn e re dhe shprehu gatishm\u00ebrin\u00eb e tij p\u00ebr ta thelluar m\u00eb tej bashk\u00ebpunimin n\u00eb promovimin e harmonis\u00eb dhe bashk\u00ebjetes\u00ebs nd\u00ebrfetare n\u00eb vendin ton\u00eb. Pasi e falenderoi kryetarin Spahiu p\u00ebr mikpritjen edhe z. Meta u tregua i gatsh\u00ebm p\u00ebr t\u00eb bashk\u00ebpunuar m\u00eb tej n\u00eb fusha me interes [&hellip;]<\/p>\n","protected":false},"author":2,"featured_media":71273,"comment_status":"open","ping_status":"open","sticky":false,"template":"","format":"standard","meta":{"footnotes":""},"categories":[118],"tags":[],"class_list":{"0":"post-71272","1":"post","2":"type-post","3":"status-publish","4":"format-standard","5":"has-post-thumbnail","7":"category-kryesore"},"_links":{"self":[{"href":"https:\/\/neutrale.al\/index.php\/wp-json\/wp\/v2\/posts\/71272","targetHints":{"allow":["GET"]}}],"collection":[{"href":"https:\/\/neutrale.al\/index.php\/wp-json\/wp\/v2\/posts"}],"about":[{"href":"https:\/\/neutrale.al\/index.php\/wp-json\/wp\/v2\/types\/post"}],"author":[{"embeddable":true,"href":"https:\/\/neutrale.al\/index.php\/wp-json\/wp\/v2\/users\/2"}],"replies":[{"embeddable":true,"href":"https:\/\/neutrale.al\/index.php\/wp-json\/wp\/v2\/comments?post=71272"}],"version-history":[{"count":2,"href":"https:\/\/neutrale.al\/index.php\/wp-json\/wp\/v2\/posts\/71272\/revisions"}],"predecessor-version":[{"id":71275,"href":"https:\/\/neutrale.al\/index.php\/wp-json\/wp\/v2\/posts\/71272\/revisions\/71275"}],"wp:featuredmedia":[{"embeddable":true,"href":"https:\/\/neutrale.al\/index.php\/wp-json\/wp\/v2\/media\/71273"}],"wp:attachment":[{"href":"https:\/\/neutrale.al\/index.php\/wp-json\/wp\/v2\/media?parent=71272"}],"wp:term":[{"taxonomy":"category","embeddable":true,"href":"https:\/\/neutrale.al\/index.php\/wp-json\/wp\/v2\/categories?post=71272"},{"taxonomy":"post_tag","embeddable":true,"href":"https:\/\/neutrale.al\/index.php\/wp-json\/wp\/v2\/tags?post=71272"}],"curies":[{"name":"wp","href":"https:\/\/api.w.org\/{rel}","templated":true}]}}