{"id":71248,"date":"2024-02-26T13:48:32","date_gmt":"2024-02-26T13:48:32","guid":{"rendered":"https:\/\/neutrale.al\/?p=71248"},"modified":"2024-02-26T13:48:32","modified_gmt":"2024-02-26T13:48:32","slug":"dr-ardian-elezi-26-shkurti-1951-dite-gjenocidi-klasor-veneracion-per-martiret-e-pafajshem-te-krimit-komunist","status":"publish","type":"post","link":"https:\/\/neutrale.al\/index.php\/2024\/02\/26\/dr-ardian-elezi-26-shkurti-1951-dite-gjenocidi-klasor-veneracion-per-martiret-e-pafajshem-te-krimit-komunist\/","title":{"rendered":"Dr. Ardian Elezi\/ 26 shkurti 1951- Dit\u00eb gjenocidi klasor- veneracion p\u00ebr martir\u00ebt e pafajsh\u00ebm t\u00eb krimit komunist."},"content":{"rendered":"<p>26 shkurti 1951 dite perkujtimi ne nderim dhe homazh te intelektualeve dhe martireve reneve te pushkatuar nga rregjimi kriminal i kohes, ..te pafajshem ne akuzat e stisura ne dem te jeteve te dhe familjeve te tyre qe u persekutuan pergjate atij sistemi.Ne shkelje te cdo ligji dhe norme morale dhe shoqerore ato u denuan dhe pushkatuan pa gjygj dhe pa prova dhe fakte me liste te parapregatitur nga strukturat e sigurimit te shtetit dhe byrose politike qe nenfalsifikim dhe manipulim    me kritere ideologjike dhe klasore hartuan dhe zbatuan  krimi i gjenocidit dhe makrobilitetit e kohes. Mbi ndergjegjen e tyre rendonte krimin makaber i vrasjeve pa gjyq dhe pa faj i tyre..U desh  ardhja e demokracise dhe rast ishte i pari qe ne 1991 GjL vet ne menyre  proaktive e kohes hapi siparin e pafajsise se tyre si peng i ndergjegjes se tyre kriminale..Denimi i krimeve te komunizmit mision i papermbushur.Homazh dhe nderim per te renet.<\/p>\n<p><img loading=\"lazy\" loading=\"lazy\" decoding=\"async\" src=\"https:\/\/neutrale.al\/wp-content\/uploads\/2024\/02\/a4612b8e-0895-4055-8b99-999ef8d5025e-240x300.jpeg\" alt=\"\" width=\"240\" height=\"300\" class=\"alignnone size-medium wp-image-71250\" srcset=\"https:\/\/neutrale.al\/wp-content\/uploads\/2024\/02\/a4612b8e-0895-4055-8b99-999ef8d5025e-240x300.jpeg 240w, https:\/\/neutrale.al\/wp-content\/uploads\/2024\/02\/a4612b8e-0895-4055-8b99-999ef8d5025e-819x1024.jpeg 819w, https:\/\/neutrale.al\/wp-content\/uploads\/2024\/02\/a4612b8e-0895-4055-8b99-999ef8d5025e-768x960.jpeg 768w, https:\/\/neutrale.al\/wp-content\/uploads\/2024\/02\/a4612b8e-0895-4055-8b99-999ef8d5025e-860x1075.jpeg 860w, https:\/\/neutrale.al\/wp-content\/uploads\/2024\/02\/a4612b8e-0895-4055-8b99-999ef8d5025e.jpeg 1080w\" sizes=\"auto, (max-width: 240px) 100vw, 240px\" \/><\/p>\n","protected":false},"excerpt":{"rendered":"<p>26 shkurti 1951 dite perkujtimi ne nderim dhe homazh te intelektualeve dhe martireve reneve te pushkatuar nga rregjimi kriminal i kohes, ..te pafajshem ne akuzat e stisura ne dem te jeteve te dhe familjeve te tyre qe u persekutuan pergjate atij sistemi.Ne shkelje te cdo ligji dhe norme morale dhe shoqerore ato u denuan dhe [&hellip;]<\/p>\n","protected":false},"author":2,"featured_media":71249,"comment_status":"open","ping_status":"open","sticky":false,"template":"","format":"standard","meta":{"footnotes":""},"categories":[1],"tags":[],"class_list":{"0":"post-71248","1":"post","2":"type-post","3":"status-publish","4":"format-standard","5":"has-post-thumbnail","7":"category-te-tjera"},"_links":{"self":[{"href":"https:\/\/neutrale.al\/index.php\/wp-json\/wp\/v2\/posts\/71248","targetHints":{"allow":["GET"]}}],"collection":[{"href":"https:\/\/neutrale.al\/index.php\/wp-json\/wp\/v2\/posts"}],"about":[{"href":"https:\/\/neutrale.al\/index.php\/wp-json\/wp\/v2\/types\/post"}],"author":[{"embeddable":true,"href":"https:\/\/neutrale.al\/index.php\/wp-json\/wp\/v2\/users\/2"}],"replies":[{"embeddable":true,"href":"https:\/\/neutrale.al\/index.php\/wp-json\/wp\/v2\/comments?post=71248"}],"version-history":[{"count":2,"href":"https:\/\/neutrale.al\/index.php\/wp-json\/wp\/v2\/posts\/71248\/revisions"}],"predecessor-version":[{"id":71252,"href":"https:\/\/neutrale.al\/index.php\/wp-json\/wp\/v2\/posts\/71248\/revisions\/71252"}],"wp:featuredmedia":[{"embeddable":true,"href":"https:\/\/neutrale.al\/index.php\/wp-json\/wp\/v2\/media\/71249"}],"wp:attachment":[{"href":"https:\/\/neutrale.al\/index.php\/wp-json\/wp\/v2\/media?parent=71248"}],"wp:term":[{"taxonomy":"category","embeddable":true,"href":"https:\/\/neutrale.al\/index.php\/wp-json\/wp\/v2\/categories?post=71248"},{"taxonomy":"post_tag","embeddable":true,"href":"https:\/\/neutrale.al\/index.php\/wp-json\/wp\/v2\/tags?post=71248"}],"curies":[{"name":"wp","href":"https:\/\/api.w.org\/{rel}","templated":true}]}}