{"id":71203,"date":"2024-02-26T10:52:06","date_gmt":"2024-02-26T10:52:06","guid":{"rendered":"https:\/\/neutrale.al\/?p=71203"},"modified":"2024-02-26T10:52:06","modified_gmt":"2024-02-26T10:52:06","slug":"njihuni-me-kryeqytetet-europiane-te-kultures-ne-vitin-2024","status":"publish","type":"post","link":"https:\/\/neutrale.al\/index.php\/2024\/02\/26\/njihuni-me-kryeqytetet-europiane-te-kultures-ne-vitin-2024\/","title":{"rendered":"Njihuni me Kryeqytetet Europiane t\u00eb Kultur\u00ebs n\u00eb vitin 2024"},"content":{"rendered":"<p>Bodo n\u00eb Norvegji, Tartu n\u00eb Estoni dhe Bad Ischl n\u00eb Austri ndajn\u00eb t\u00eb tria titullin e Kryeqytetit Europian t\u00eb Kultur\u00ebs<\/p>\n<p>\u00a0<\/p>\n<p>Bad Ischl, nj\u00eb qytet n\u00eb rajonin austriak t\u00eb Salzkammergut, pran\u00eb kufirit me Bavarin\u00eb n\u00eb Gjermani, \u00ebsht\u00eb nj\u00eb vend i njohur turistik.<\/p>\n<p>Qindra mij\u00eb njer\u00ebz vijn\u00eb k\u00ebtu \u00e7do vit p\u00ebr t\u00eb shijuar peizazhet piktoreske malore t\u00eb rajonit, me liqene t\u00eb past\u00ebr kristal dhe livadhe t\u00eb gjelb\u00ebruara n\u00eb ver\u00eb ose me majat e mbuluara me bor\u00eb n\u00eb dim\u00ebr.<\/p>\n<p>K\u00ebto arsye kan\u00eb t\u00ebrhequr n\u00eb qytet edhe fisnik\u00ebrin\u00eb austriake. Perandori Franz Joseph I dhe perandoresha Sisi kaluan n\u00eb Bad Ischl shum\u00eb vera, ku edhe u fejuan n\u00eb vitin 1853.<\/p>\n<p>N\u00eb vitin 2024, Bad Ischl dhe 22 komunitetet p\u00ebrreth do t\u00eb b\u00ebhen nj\u00eb nga tre Kryeqytetet Europiane t\u00eb Kultur\u00ebs\u2013 s\u00eb bashku me Tartu n\u00eb Estoni dhe Bodo n\u00eb Norvegji.<\/p>\n<p>Ndryshimet klimatike, historia dhe Conchita Wurst<\/p>\n<p>Bad Ischl dhe komunitetet e tjera duan t\u00eb realizojn\u00eb s\u00eb bashku m\u00eb shum\u00eb se 300 projekte p\u00ebr t\u00eb treguar se rajoni nuk ka vet\u00ebm peizazhe idilike.<\/p>\n<p>Programi do t\u00eb hedh\u00eb drit\u00eb, nd\u00ebr t\u00eb tjera, te pasojat e mbiturizmit dhe ndryshimeve klimatike, si dhe tek e kaluara e v\u00ebshtir\u00eb e rajonit.<\/p>\n<p>Synimi \u00ebsht\u00eb t\u00eb \u201chidhet drit\u00eb tek an\u00ebt pozitive dhe negative t\u00eb gjith\u00eb rajonit dhe t\u00eb mos transformohet [n\u00eb vitin e Kryeqytetit Europian t\u00eb Kultur\u00ebs] n\u00eb nj\u00eb spektak\u00ebl piroteknik apo n\u00eb nj\u00eb festival\u201d \u2013 deklaroi kuratorja e programit Elisabeth Schweeger p\u00ebr agjencin\u00eb gjermane t\u00eb shtypit DPA.<\/p>\n<p>Tom Neuwirth, i njohur m\u00eb mir\u00eb si fituesi i Eurovizion, Conchita Wurst, q\u00eb vjen nga rajoni i Salzkammergut, mori pjes\u00eb n\u00eb koncertin e hapjes s\u00eb bashku me artist\u00eb t\u00eb tjer\u00eb.<\/p>\n<p>E krijuar nga minierat e krip\u00ebs<\/p>\n<p>Kripa \u00ebsht\u00eb nxjerr\u00eb n\u00eb zon\u00ebn e Salzkammergut p\u00ebr t\u00eb pakt\u00ebn 7000 vjet dhe \u201cari i bardh\u00eb\u201d i dha form\u00eb rajonit.<\/p>\n<p>\u201cU zhvillua fal\u00eb krip\u00ebs, \u00ebsht\u00eb pasuruar fal\u00eb krip\u00ebs dhe fal\u00eb krip\u00ebs do t\u00eb p\u00ebrballet me t\u00eb ardhmen e saj \u2013 tha Schweeger. \u2013 Tani \u00ebsht\u00eb momenti t\u2019i shtohet nj\u00eb tjet\u00ebr element thelb\u00ebsor \u2013 kultura. \u00cbsht\u00eb motori i q\u00ebndrueshm\u00ebris\u00eb Salzkammergut dhe shum\u00eb m\u00eb gjer\u00eb.<\/p>\n<p>Projektet p\u00ebr Kryeqytetin Europian t\u00eb Kultur\u00ebs p\u00ebrfshijn\u00eb nj\u00eb ekspozit\u00eb t\u00eb artistit kinez Ai Weiwei, i cili do t\u00eb shfaq\u00eb edhe tradit\u00ebn e minierave t\u00eb krip\u00ebs.<\/p>\n<p>Ekspozita t\u00eb tjera do t\u00eb trajtojn\u00eb artin e grabitur nga nazist\u00ebt. Gjat\u00eb Luft\u00ebs s\u00eb Dyt\u00eb Bot\u00ebrore, regjimi nazist fshehu vepra dhe thesare t\u00eb artit t\u00eb grabitura n\u00eb nj\u00eb tunel malor n\u00eb Bad Ischl.<\/p>\n<p>Nj\u00eb ekspozit\u00eb n\u00eb Bad Aussee do t\u00eb hedh\u00eb drit\u00eb edhe mbi jet\u00ebn e tregtarit t\u00eb artit Wolfgang Gurlitt, koleksioni i t\u00eb cilit p\u00ebrfshinte vepra arti t\u00eb grabitura nga nazist\u00ebt.<\/p>\n<p>Koncertet me muzik\u00eb nga Arnold Sch\u00f6nberg dhe nj\u00eb operet\u00eb nga Oscar Straus do t\u00eb nxjerrin n\u00eb pah shum\u00eb artist\u00eb dhe artdash\u00ebs hebrenj q\u00eb ishin t\u00eb lidhur ngusht\u00eb me Salzkammergut.<\/p>\n<p>Nj\u00eb tjet\u00ebr projekt lidhet me historin\u00eb e monarkis\u00eb s\u00eb Habsburg\u00ebve. Salzkammergut ishte fillimisht pron\u00eb private e Habsburg\u00ebve.<\/p>\n<p>\u00a0<\/p>\n<p>Nj\u00eb reflektim kritik mbi t\u00eb shkuar\u00ebn<\/p>\n<p>Bad Ischl num\u00ebron vet\u00ebm 14.000 banor\u00eb. Komunitetet e tjera t\u00eb rajonit q\u00eb i jan\u00eb bashkuar p\u00ebr t\u00eb krijuar Kryeqytetin Europian t\u00eb Kultur\u00ebs, kan\u00eb, n\u00eb disa raste, nj\u00eb popullsi prej vet\u00ebm disa qindra banor\u00ebsh.<\/p>\n<p>Rajoni, pjes\u00eb e trash\u00ebgimis\u00eb bot\u00ebrore t\u00eb UNESCO-s q\u00eb prej vitit 1997, duhet t\u00eb p\u00ebrballet me nj\u00eb fluks vizitor\u00ebsh \u00e7do vit. Historiani Michael Kurz i Bad Goisern, i cili e njeh mir\u00eb rajonin, thot\u00eb se kishte nj\u00ebfar\u00eb shqet\u00ebsimi gjat\u00eb fushat\u00ebs s\u00eb Kryeqytetit Europian t\u00eb Kultur\u00ebs. Vendasit shpesh pyesnin: \u201cA kemi nevoj\u00eb?\u201d.<\/p>\n<p>N\u00eb an\u00ebn tjet\u00ebr, si\u00e7 thekson kuratorja Elisabeth Schweeger, m\u00eb shum\u00eb se 85% e aktiviteteve jan\u00eb organizuar nga sponsor\u00eb lokal\u00eb dhe rajonal\u00eb projektesh.<\/p>\n<p>Nd\u00ebr t\u00eb tjera, marrja e nj\u00eb perspektive t\u00eb jashtme p\u00ebr rajonin \u00ebsht\u00eb nj\u00eb mund\u00ebsi q\u00eb komuniteti t\u00eb reflektoj\u00eb n\u00eb m\u00ebnyr\u00eb kritike mbi historin\u00eb dhe kultur\u00ebn e vet, shtoi ajo.<\/p>\n<p>\u00a0Tartu \u2013 zemra dhe shpirti i Estonis\u00eb<\/p>\n<p>Qyteti i Tartu, n\u00eb Estonin\u00eb Lindore, \u00ebsht\u00eb shum\u00eb m\u00eb pak i njohur. Me thuajse 100.000 banor\u00eb, \u00ebsht\u00eb qyteti i dyt\u00eb m\u00eb i madh n\u00eb vend, pas kryeqytetit Talin.<\/p>\n<p>Nga pik\u00ebpamja ekonomike, duket qart\u00eb se \u00ebsht\u00eb n\u00ebn hijen e kryeqytetit estonez. Nga pik\u00ebpamja kulturore, qyteti i vjet\u00ebr universitar hanseatik \u00ebsht\u00eb t\u00eb pakt\u00ebn n\u00eb t\u00eb nj\u00ebjtin nivel me t\u00eb. Tartu tradicionalisht \u00ebsht\u00eb par\u00eb si zemra dhe shpirti i shtetit t\u00eb vog\u00ebl baltik n\u00eb Europ\u00ebn Verilindore.<\/p>\n<p>\u201cTartu ka qen\u00eb gjithmon\u00eb nj\u00eb qend\u00ebr p\u00ebr shkenc\u00ebn, arsimin dhe kultur\u00ebn n\u00eb Estoni\u201d \u2013 tha kryebashkiaku Urmas Klaas.<\/p>\n<p>Dikur Tartu ishte djepi i zgjimit komb\u00ebtar p\u00ebr Estonin\u00eb dhe vendlindja e festivalit t\u00eb k\u00ebng\u00ebs estoneze, teatrit estonez dhe madje edhe t\u00eb vet\u00eb shtetit estonez.<\/p>\n<p>M\u00eb 2 Shkurt 1920, n\u00eb Tartu u n\u00ebnshkrua Traktati i Paqes i Dorpat \u2013 emri i vjet\u00ebr gjerman i Tartu \u2013 n\u00eb t\u00eb cilin Rusia Sovjetike njohu sovranitetin e Estonis\u00eb, e cila ishte b\u00ebr\u00eb e pavarur n\u00eb vitin 1918.<\/p>\n<p>N\u00ebp\u00ebrmjet nj\u00eb koncepti artistik t\u00eb quajtur \u201cArti i mbijetes\u00ebs\u201d, Kryeqyteti Europian i Kultur\u00ebs, Tartu, do t\u00eb zhvilloj\u00eb m\u00eb shum\u00eb se 1000 aktivitete.<\/p>\n<p>Nd\u00ebr to, nd\u00ebr m\u00eb t\u00eb r\u00ebnd\u00ebsishmit jan\u00eb \u201cKissing Tartu\u201d, nj\u00eb ngjarje puthjesh masive; \u201cNaked Truth\u201d, nj\u00eb festival opinionesh ku diskutimet mbahen n\u00eb sauna; si dhe shfaqja teatrore \u201cBusiness as Usual\u201d, e frym\u00ebzuar nga skandalet e pastrimit t\u00eb parave q\u00eb trondit\u00ebn bankat estoneze.<\/p>\n<p>Nga data 12 deri m\u00eb 18 gusht do t\u00eb zhvillohet Tartu Pride, p\u00ebr t\u00eb festuar legalizimin e martesave t\u00eb t\u00eb nj\u00ebjtit seks n\u00eb Estoni, nj\u00eb ligj i ri i cili hyri n\u00eb fuqi m\u00eb 1 janar 2024.<\/p>\n<p>Bodo fokusohet te q\u00ebndrueshm\u00ebria<\/p>\n<p>Bodo \u00ebsht\u00eb Kryeqyteti i tret\u00eb Europian i Kultur\u00ebs p\u00ebr vitin 2024. Ndodhet lart n\u00eb veri, n\u00eb bregun per\u00ebndimor t\u00eb Norvegjis\u00eb, dhe \u00ebsht\u00eb Kryeqyteti i par\u00eb Europian i Kultur\u00ebs n\u00eb veri t\u00eb Rrethit Arktik.<\/p>\n<p>Me m\u00eb shum\u00eb se 1000 aktivitete, Bodo dhe rajoni p\u00ebrreth Nordland duan t\u00eb tregojn\u00eb se kan\u00eb jo vet\u00ebm natyr\u00ebn e Arktikut q\u00eb t\u00eb l\u00eb pa frym\u00eb, por edhe nj\u00eb kultur\u00eb t\u00ebrheq\u00ebse. Organizator\u00ebt shpresojn\u00eb t\u00eb t\u00ebrheqin m\u00eb shum\u00eb se 500.000 persona gjat\u00eb vitit.<\/p>\n<p>Rajoni \u00ebsht\u00eb i madh \u2013 nj\u00eb udh\u00ebtim me makin\u00eb n\u00ebp\u00ebrmjet Nordland nga veriu n\u00eb jug do t\u00eb p\u00ebrshkoj\u00eb m\u00eb shum\u00eb se 800 kilometra.<\/p>\n<p>\u201cBodo2024\u201d \u00ebsht\u00eb projekti m\u00eb i madh kulturor i realizuar deri m\u00eb tani n\u00eb Norvegjin\u00eb e veriut.<\/p>\n<p>Bodo synon t\u00eb jet\u00eb Kryeqyteti Europian i Kultur\u00ebs m\u00eb i q\u00ebndruesh\u00ebm. N\u00eb pranver\u00eb do t\u00eb mir\u00ebpres\u00eb at\u00eb q\u00eb organizator\u00ebt e cil\u00ebsojn\u00eb \u201ckoncerti m\u00eb i q\u00ebndruesh\u00ebm n\u00eb bot\u00eb\u201d, i quajtur \u201cPure Music\u201d.<\/p>\n<p>Edhe kultura e Sami, popullsia indigjene e rajonit, do t\u00eb marr\u00eb v\u00ebmendje t\u00eb ve\u00e7ant\u00eb, duke p\u00ebrfshir\u00eb nj\u00eb aktivitet teatror muzikor me shum\u00eb pjes\u00eb.<\/p>\n<p>Disa ngjarje kan\u00eb nj\u00eb lidhje me Gjermanin\u00eb, duke p\u00ebrfshir\u00eb ceremonin\u00eb e hapjes m\u00eb 3 shkurt.<\/p>\n<p>Nj\u00eb ngjarje e r\u00ebnd\u00ebsishme \u00ebsht\u00eb planifikuar p\u00ebr prag t\u00eb mesit t\u00eb ver\u00ebs m\u00eb 22 qershor, kur mund t\u00eb admironi diellin e mesnat\u00ebs.<\/p>\n<p>Festivali i par\u00eb i Nordland Light do t\u00eb mbahet n\u00eb n\u00ebntor dhe dhjetor, kur dit\u00ebt t\u00eb shkurtohen p\u00ebrs\u00ebri.<\/p>\n<p>\/\u00a0Deutsche Welle<\/p>\n<p><img loading=\"lazy\" loading=\"lazy\" decoding=\"async\" src=\"https:\/\/neutrale.al\/wp-content\/uploads\/2024\/02\/61717f9f-f027-436d-a6e2-73b8a4bee926-300x137.jpeg\" alt=\"\" width=\"300\" height=\"137\" class=\"alignnone size-medium wp-image-71204\" srcset=\"https:\/\/neutrale.al\/wp-content\/uploads\/2024\/02\/61717f9f-f027-436d-a6e2-73b8a4bee926-300x137.jpeg 300w, https:\/\/neutrale.al\/wp-content\/uploads\/2024\/02\/61717f9f-f027-436d-a6e2-73b8a4bee926-768x351.jpeg 768w, https:\/\/neutrale.al\/wp-content\/uploads\/2024\/02\/61717f9f-f027-436d-a6e2-73b8a4bee926-860x393.jpeg 860w, https:\/\/neutrale.al\/wp-content\/uploads\/2024\/02\/61717f9f-f027-436d-a6e2-73b8a4bee926.jpeg 1013w\" sizes=\"auto, (max-width: 300px) 100vw, 300px\" \/><\/p>\n<p><img loading=\"lazy\" loading=\"lazy\" decoding=\"async\" src=\"https:\/\/neutrale.al\/wp-content\/uploads\/2024\/02\/25c25b6d-c8e5-4220-95ec-3a1d4e19c9bf-300x200.jpeg\" alt=\"\" width=\"300\" height=\"200\" class=\"alignnone size-medium wp-image-71205\" srcset=\"https:\/\/neutrale.al\/wp-content\/uploads\/2024\/02\/25c25b6d-c8e5-4220-95ec-3a1d4e19c9bf-300x200.jpeg 300w, https:\/\/neutrale.al\/wp-content\/uploads\/2024\/02\/25c25b6d-c8e5-4220-95ec-3a1d4e19c9bf-768x513.jpeg 768w, https:\/\/neutrale.al\/wp-content\/uploads\/2024\/02\/25c25b6d-c8e5-4220-95ec-3a1d4e19c9bf-330x220.jpeg 330w, https:\/\/neutrale.al\/wp-content\/uploads\/2024\/02\/25c25b6d-c8e5-4220-95ec-3a1d4e19c9bf-420x280.jpeg 420w, https:\/\/neutrale.al\/wp-content\/uploads\/2024\/02\/25c25b6d-c8e5-4220-95ec-3a1d4e19c9bf-615x410.jpeg 615w, https:\/\/neutrale.al\/wp-content\/uploads\/2024\/02\/25c25b6d-c8e5-4220-95ec-3a1d4e19c9bf-860x574.jpeg 860w, https:\/\/neutrale.al\/wp-content\/uploads\/2024\/02\/25c25b6d-c8e5-4220-95ec-3a1d4e19c9bf.jpeg 995w\" sizes=\"auto, (max-width: 300px) 100vw, 300px\" \/><\/p>\n<p><img loading=\"lazy\" loading=\"lazy\" decoding=\"async\" src=\"https:\/\/neutrale.al\/wp-content\/uploads\/2024\/02\/abb4d565-2ec4-40da-90ef-caa8fc71c4c6-300x194.jpeg\" alt=\"\" width=\"300\" height=\"194\" class=\"alignnone size-medium wp-image-71206\" srcset=\"https:\/\/neutrale.al\/wp-content\/uploads\/2024\/02\/abb4d565-2ec4-40da-90ef-caa8fc71c4c6-300x194.jpeg 300w, https:\/\/neutrale.al\/wp-content\/uploads\/2024\/02\/abb4d565-2ec4-40da-90ef-caa8fc71c4c6-768x497.jpeg 768w, https:\/\/neutrale.al\/wp-content\/uploads\/2024\/02\/abb4d565-2ec4-40da-90ef-caa8fc71c4c6-860x557.jpeg 860w, https:\/\/neutrale.al\/wp-content\/uploads\/2024\/02\/abb4d565-2ec4-40da-90ef-caa8fc71c4c6.jpeg 1016w\" sizes=\"auto, (max-width: 300px) 100vw, 300px\" \/><\/p>\n<p><img loading=\"lazy\" loading=\"lazy\" decoding=\"async\" src=\"https:\/\/neutrale.al\/wp-content\/uploads\/2024\/02\/5b9c3e32-0a6b-428a-871c-7c6d9d64699a-300x159.jpeg\" alt=\"\" width=\"300\" height=\"159\" class=\"alignnone size-medium wp-image-71207\" srcset=\"https:\/\/neutrale.al\/wp-content\/uploads\/2024\/02\/5b9c3e32-0a6b-428a-871c-7c6d9d64699a-300x159.jpeg 300w, https:\/\/neutrale.al\/wp-content\/uploads\/2024\/02\/5b9c3e32-0a6b-428a-871c-7c6d9d64699a-1024x541.jpeg 1024w, https:\/\/neutrale.al\/wp-content\/uploads\/2024\/02\/5b9c3e32-0a6b-428a-871c-7c6d9d64699a-768x406.jpeg 768w, https:\/\/neutrale.al\/wp-content\/uploads\/2024\/02\/5b9c3e32-0a6b-428a-871c-7c6d9d64699a-860x455.jpeg 860w, https:\/\/neutrale.al\/wp-content\/uploads\/2024\/02\/5b9c3e32-0a6b-428a-871c-7c6d9d64699a.jpeg 1080w\" sizes=\"auto, (max-width: 300px) 100vw, 300px\" \/><\/p>\n<p><img loading=\"lazy\" loading=\"lazy\" decoding=\"async\" src=\"https:\/\/neutrale.al\/wp-content\/uploads\/2024\/02\/ee109666-eaec-4554-96ab-1c95ab44cc5d-300x202.jpeg\" alt=\"\" width=\"300\" height=\"202\" class=\"alignnone size-medium wp-image-71208\" srcset=\"https:\/\/neutrale.al\/wp-content\/uploads\/2024\/02\/ee109666-eaec-4554-96ab-1c95ab44cc5d-300x202.jpeg 300w, https:\/\/neutrale.al\/wp-content\/uploads\/2024\/02\/ee109666-eaec-4554-96ab-1c95ab44cc5d-768x517.jpeg 768w, https:\/\/neutrale.al\/wp-content\/uploads\/2024\/02\/ee109666-eaec-4554-96ab-1c95ab44cc5d-860x578.jpeg 860w, https:\/\/neutrale.al\/wp-content\/uploads\/2024\/02\/ee109666-eaec-4554-96ab-1c95ab44cc5d.jpeg 1002w\" sizes=\"auto, (max-width: 300px) 100vw, 300px\" \/><\/p>\n<p><img loading=\"lazy\" loading=\"lazy\" decoding=\"async\" src=\"https:\/\/neutrale.al\/wp-content\/uploads\/2024\/02\/08d2a35e-11ad-4a9c-80b4-d5d7f328dc33-300x171.jpeg\" alt=\"\" width=\"300\" height=\"171\" class=\"alignnone size-medium wp-image-71209\" srcset=\"https:\/\/neutrale.al\/wp-content\/uploads\/2024\/02\/08d2a35e-11ad-4a9c-80b4-d5d7f328dc33-300x171.jpeg 300w, https:\/\/neutrale.al\/wp-content\/uploads\/2024\/02\/08d2a35e-11ad-4a9c-80b4-d5d7f328dc33-768x438.jpeg 768w, https:\/\/neutrale.al\/wp-content\/uploads\/2024\/02\/08d2a35e-11ad-4a9c-80b4-d5d7f328dc33-860x491.jpeg 860w, https:\/\/neutrale.al\/wp-content\/uploads\/2024\/02\/08d2a35e-11ad-4a9c-80b4-d5d7f328dc33.jpeg 990w\" sizes=\"auto, (max-width: 300px) 100vw, 300px\" \/><\/p>\n","protected":false},"excerpt":{"rendered":"<p>Bodo n\u00eb Norvegji, Tartu n\u00eb Estoni dhe Bad Ischl n\u00eb Austri ndajn\u00eb t\u00eb tria titullin e Kryeqytetit Europian t\u00eb Kultur\u00ebs \u00a0 Bad Ischl, nj\u00eb qytet n\u00eb rajonin austriak t\u00eb Salzkammergut, pran\u00eb kufirit me Bavarin\u00eb n\u00eb Gjermani, \u00ebsht\u00eb nj\u00eb vend i njohur turistik. Qindra mij\u00eb njer\u00ebz vijn\u00eb k\u00ebtu \u00e7do vit p\u00ebr t\u00eb shijuar peizazhet piktoreske malore [&hellip;]<\/p>\n","protected":false},"author":2,"featured_media":71209,"comment_status":"open","ping_status":"open","sticky":false,"template":"","format":"standard","meta":{"footnotes":""},"categories":[1],"tags":[],"class_list":{"0":"post-71203","1":"post","2":"type-post","3":"status-publish","4":"format-standard","5":"has-post-thumbnail","7":"category-te-tjera"},"_links":{"self":[{"href":"https:\/\/neutrale.al\/index.php\/wp-json\/wp\/v2\/posts\/71203","targetHints":{"allow":["GET"]}}],"collection":[{"href":"https:\/\/neutrale.al\/index.php\/wp-json\/wp\/v2\/posts"}],"about":[{"href":"https:\/\/neutrale.al\/index.php\/wp-json\/wp\/v2\/types\/post"}],"author":[{"embeddable":true,"href":"https:\/\/neutrale.al\/index.php\/wp-json\/wp\/v2\/users\/2"}],"replies":[{"embeddable":true,"href":"https:\/\/neutrale.al\/index.php\/wp-json\/wp\/v2\/comments?post=71203"}],"version-history":[{"count":2,"href":"https:\/\/neutrale.al\/index.php\/wp-json\/wp\/v2\/posts\/71203\/revisions"}],"predecessor-version":[{"id":71211,"href":"https:\/\/neutrale.al\/index.php\/wp-json\/wp\/v2\/posts\/71203\/revisions\/71211"}],"wp:featuredmedia":[{"embeddable":true,"href":"https:\/\/neutrale.al\/index.php\/wp-json\/wp\/v2\/media\/71209"}],"wp:attachment":[{"href":"https:\/\/neutrale.al\/index.php\/wp-json\/wp\/v2\/media?parent=71203"}],"wp:term":[{"taxonomy":"category","embeddable":true,"href":"https:\/\/neutrale.al\/index.php\/wp-json\/wp\/v2\/categories?post=71203"},{"taxonomy":"post_tag","embeddable":true,"href":"https:\/\/neutrale.al\/index.php\/wp-json\/wp\/v2\/tags?post=71203"}],"curies":[{"name":"wp","href":"https:\/\/api.w.org\/{rel}","templated":true}]}}