{"id":71170,"date":"2024-02-25T15:56:09","date_gmt":"2024-02-25T15:56:09","guid":{"rendered":"https:\/\/neutrale.al\/?p=71170"},"modified":"2024-02-25T15:56:09","modified_gmt":"2024-02-25T15:56:09","slug":"qyteti-polak-ku-lindin-vetem-vajza-ofron-shperblim-per-ciftet-qe-lindin-djalin","status":"publish","type":"post","link":"https:\/\/neutrale.al\/index.php\/2024\/02\/25\/qyteti-polak-ku-lindin-vetem-vajza-ofron-shperblim-per-ciftet-qe-lindin-djalin\/","title":{"rendered":"Qyteti polak ku lindin vet\u00ebm vajza ofron shp\u00ebrblim p\u00ebr \u00e7iftet q\u00eb lindin djalin"},"content":{"rendered":"<p>Ting\u00ebllon si premisa e nj\u00eb fantazie mashkullore n\u00eb kamp &#8211; nj\u00eb qytet ku ka vet\u00ebm gra. Por n\u00eb Miejsce Odrza\u0144skie &#8211; nj\u00eb fshat n\u00eb Polonin\u00eb jugore q\u00eb daton q\u00eb nga shekulli i 17-t\u00eb &#8211; nuk ka lindur nj\u00eb djal\u00eb n\u00eb gati nj\u00eb dekad\u00eb. &#8220;Patjet\u00ebr q\u00eb vajzat sundojn\u00eb n\u00eb fshatin ton\u00eb,&#8221; tha Adrianna Pieruszka, nj\u00eb zjarrfik\u00ebse vullnetare,\u00a0i tha rrjetit polak t\u00eb lajmeve TVN24. T\u00eb d\u00ebshp\u00ebruar p\u00ebr t\u00eb diversifikuar pishin\u00ebn e \u00e7ift\u00ebzimit, zyrtar\u00ebt lokal\u00eb po b\u00ebhen viral\u00eb duke ofruar nj\u00eb &#8220;shp\u00ebrblim&#8221; p\u00ebr \u00e7iftin e par\u00eb q\u00eb do t\u00eb sjell\u00eb nj\u00eb djal\u00eb. \u00c7mimi aktual, megjithat\u00eb, po mbahet i fsheht\u00eb. &#8220;Djemt\u00eb jan\u00eb t\u00eb zhurmsh\u00ebm dhe t\u00eb k\u00ebqij,&#8221; i tha New York Times 10-vje\u00e7arja Malwina Kicler, nj\u00eb an\u00ebtare e brigad\u00ebs s\u00eb zjarrfik\u00ebsve t\u00eb t\u00eb rinjve. &#8220;T\u00eb pakt\u00ebn tani kemi paqe dhe qet\u00ebsi. Mund t&#8217;i takoni gjithmon\u00eb diku tjet\u00ebr.&#8221;<\/p>\n<p>Departamenti i zjarrfik\u00ebsve n\u00eb Miejsce Odrza\u0144skie ka 24 gra dhe vet\u00ebm tet\u00eb burra, nd\u00ebrsa vullnetar\u00ebt m\u00eb t\u00eb rinj t\u00eb brigad\u00ebs jan\u00eb t\u00eb gjitha vajza, sipas faqes polake t\u00eb lajmeve WP Wiadomo\u015bci.<br \/>\nAta t\u00ebrhoq\u00ebn v\u00ebmendjen e mediave kur grupi i dominuar nga femrat u shfaq n\u00eb nj\u00eb konkurs rajonal t\u00eb zjarrfik\u00ebsve k\u00ebt\u00eb ver\u00eb. Fshati bachelorette \u00ebsht\u00eb kryesisht nj\u00eb komunitet bujq\u00ebsor me nj\u00eb popullsi di\u00e7ka m\u00eb pak se 300 njer\u00ebz. Sipas t\u00eb dh\u00ebnave t\u00eb lindjes, nuk ka lindur nj\u00eb djal\u00eb atje q\u00eb nga viti 2009, megjith\u00ebse 12 vajza kan\u00eb ardhur n\u00eb bot\u00eb n\u00eb at\u00eb hark kohor. Shumica e familjeve t\u00eb intervistuara nga shtypi raportuan se kishin vajza, shpesh m\u00eb shum\u00eb se nj\u00eb. P\u00ebr familjet vendase, shum\u00eb prej t\u00eb cilave kan\u00eb dy vajza, konkursi nuk ia vlen mbasi rreziku p\u00ebr t\u00eb pasur nj\u00eb vajz\u00eb tjet\u00ebr \u00ebsht\u00eb evident.<br \/>\nMjek\u00ebt thon\u00eb se n\u00ebse nj\u00eb \u00e7ift nuk zgjedh fekondimin in-vitro (IVF), i cili b\u00ebn t\u00eb mundur parazgjedhjen e nj\u00eb gjinie, nuk mund t\u00eb b\u00ebj\u00eb asgj\u00eb p\u00ebr t\u00eb rritur shanset p\u00ebr t\u00eb pasur nj\u00eb djal\u00eb.<br \/>\nKryebashkiaku i rajonit Rajmund Frischko nuk ka sqaruar ende n\u00ebse kandidat\u00ebt e IVF mund t\u00eb kualifikohen p\u00ebr \u00e7mimin &#8211; megjith\u00ebse kostoja e procedur\u00ebs mund t\u00eb jet\u00eb m\u00eb e madhe se vet\u00eb shp\u00ebrblimi. <\/p>\n<p>Megjithat\u00eb, shumica e vajzave n\u00eb Miejsce Odrza\u0144skie, ve\u00e7an\u00ebrisht ato n\u00eb brigad\u00ebn e zjarrfik\u00ebsve, po lul\u00ebzojn\u00eb &#8211; me sa duket nuk i mungon fare prania e djemve &#8220;t\u00eb zhurmsh\u00ebm dhe t\u00eb k\u00ebqij&#8221;.<br \/>\nSi\u00e7 tha zjarrfik\u00ebsi Tomasz Golasz p\u00ebr The Times, \u201cK\u00ebto vajza jetojn\u00eb dhe marrin frym\u00eb [shuarje e zjarrit t\u00eb rinis\u00eb].<br \/>\nKa shum\u00eb pasion dhe vendosm\u00ebri. P\u00ebr dy muaj para \u00e7do konkursi, ato vijn\u00eb t\u00eb st\u00ebrviten \u00e7do dit\u00eb pas shkoll\u00ebs.\u201d <\/p>\n<p>Nga: nypost.com<\/p>\n","protected":false},"excerpt":{"rendered":"<p>Ting\u00ebllon si premisa e nj\u00eb fantazie mashkullore n\u00eb kamp &#8211; nj\u00eb qytet ku ka vet\u00ebm gra. Por n\u00eb Miejsce Odrza\u0144skie &#8211; nj\u00eb fshat n\u00eb Polonin\u00eb jugore q\u00eb daton q\u00eb nga shekulli i 17-t\u00eb &#8211; nuk ka lindur nj\u00eb djal\u00eb n\u00eb gati nj\u00eb dekad\u00eb. &#8220;Patjet\u00ebr q\u00eb vajzat sundojn\u00eb n\u00eb fshatin ton\u00eb,&#8221; tha Adrianna Pieruszka, nj\u00eb zjarrfik\u00ebse [&hellip;]<\/p>\n","protected":false},"author":2,"featured_media":71171,"comment_status":"open","ping_status":"open","sticky":false,"template":"","format":"standard","meta":{"footnotes":""},"categories":[12],"tags":[27],"class_list":{"0":"post-71170","1":"post","2":"type-post","3":"status-publish","4":"format-standard","5":"has-post-thumbnail","7":"category-bota","8":"tag-lajme"},"_links":{"self":[{"href":"https:\/\/neutrale.al\/index.php\/wp-json\/wp\/v2\/posts\/71170","targetHints":{"allow":["GET"]}}],"collection":[{"href":"https:\/\/neutrale.al\/index.php\/wp-json\/wp\/v2\/posts"}],"about":[{"href":"https:\/\/neutrale.al\/index.php\/wp-json\/wp\/v2\/types\/post"}],"author":[{"embeddable":true,"href":"https:\/\/neutrale.al\/index.php\/wp-json\/wp\/v2\/users\/2"}],"replies":[{"embeddable":true,"href":"https:\/\/neutrale.al\/index.php\/wp-json\/wp\/v2\/comments?post=71170"}],"version-history":[{"count":1,"href":"https:\/\/neutrale.al\/index.php\/wp-json\/wp\/v2\/posts\/71170\/revisions"}],"predecessor-version":[{"id":71172,"href":"https:\/\/neutrale.al\/index.php\/wp-json\/wp\/v2\/posts\/71170\/revisions\/71172"}],"wp:featuredmedia":[{"embeddable":true,"href":"https:\/\/neutrale.al\/index.php\/wp-json\/wp\/v2\/media\/71171"}],"wp:attachment":[{"href":"https:\/\/neutrale.al\/index.php\/wp-json\/wp\/v2\/media?parent=71170"}],"wp:term":[{"taxonomy":"category","embeddable":true,"href":"https:\/\/neutrale.al\/index.php\/wp-json\/wp\/v2\/categories?post=71170"},{"taxonomy":"post_tag","embeddable":true,"href":"https:\/\/neutrale.al\/index.php\/wp-json\/wp\/v2\/tags?post=71170"}],"curies":[{"name":"wp","href":"https:\/\/api.w.org\/{rel}","templated":true}]}}