{"id":71127,"date":"2024-02-23T18:00:06","date_gmt":"2024-02-23T18:00:06","guid":{"rendered":"https:\/\/neutrale.al\/?p=71127"},"modified":"2024-02-23T18:00:06","modified_gmt":"2024-02-23T18:00:06","slug":"afera-e-sterilizimit-a-pati-mesazh-te-koduar-beqaj-pas-daljes-nga-spak","status":"publish","type":"post","link":"https:\/\/neutrale.al\/index.php\/2024\/02\/23\/afera-e-sterilizimit-a-pati-mesazh-te-koduar-beqaj-pas-daljes-nga-spak\/","title":{"rendered":"Afera e sterilizimit\/ A pati mesazh t\u00eb koduar Beqaj pas daljes nga SPAK ?"},"content":{"rendered":"<p>Ish-ministri i Sh\u00ebndet\u00ebsis\u00eb, Ilir Beqja teksa ka dal\u00eb nga SPAK,  ka ndaluar p\u00ebr t\u00eb komunikuar me gazetar\u00ebt dhe ka th\u00ebn\u00eb se SPAK, p\u00ebr afer\u00ebn e sterilizimit, duhet t\u00eb hetoj\u00eb edhe periudh\u00ebn tre vje\u00e7are gjat\u00eb s\u00eb cil\u00ebs paisjet e sterilizimit nuk jan\u00eb v\u00ebn\u00eb n\u00eb pun\u00eb.<\/p>\n<p>N\u00eb dukje, duket sikur Beqja k\u00ebrkon q\u00eb SPAK t\u00eb hetoj\u00eb Ogerta Manastirliun, e cila gjat\u00eb asaj periudhe ka qen\u00eb p\u00ebrgjegj\u00ebse direkte p\u00ebr mos v\u00ebnien n\u00eb pun\u00eb t\u00eb investimit, n\u00eb cil\u00ebsin\u00eb e drejtoresh\u00ebs s\u00eb spitalit, por Beqja e di shum\u00eb mir\u00eb q\u00eb Ogerta ka qen\u00eb n\u00eb at\u00eb detyr\u00eb si njeriu i besuar i Ram\u00ebs (si\u00e7 ai vet\u00eb) dhe nj\u00eb deklarat\u00eb e till\u00eb sot n\u00eb dalje nga SPAK \u00ebsht\u00eb m\u00eb shum\u00eb mesazh p\u00ebr Ram\u00ebn, \u2018q\u00eb un\u00eb di m\u00eb shum\u00eb sesa flas\u2019, sesa mesazh p\u00ebr hetimin e Ogert\u00ebs.<\/p>\n<p>Pyetja e gazetarit:\u00a0Kur thoni qe duhen t\u00eb hetohen njer\u00ebz t\u00eb tjer\u00eb e keni pasur fjal\u00ebn p\u00ebr Manastirliun?<\/p>\n<p>Ilir Beqaj:\u00a0Un\u00eb kam k\u00ebrkuar q\u00eb hetimet t\u00eb vler\u00ebsojn\u00eb pse nuk u vu n\u00eb pun\u00eb p\u00ebr 3 vite dhe gjithashtu t\u00eb vler\u00ebsojn\u00eb arritjet fantastike n\u00eb 8 vite q\u00eb zbatohet kontrata.<\/p>\n","protected":false},"excerpt":{"rendered":"<p>Ish-ministri i Sh\u00ebndet\u00ebsis\u00eb, Ilir Beqja teksa ka dal\u00eb nga SPAK, ka ndaluar p\u00ebr t\u00eb komunikuar me gazetar\u00ebt dhe ka th\u00ebn\u00eb se SPAK, p\u00ebr afer\u00ebn e sterilizimit, duhet t\u00eb hetoj\u00eb edhe periudh\u00ebn tre vje\u00e7are gjat\u00eb s\u00eb cil\u00ebs paisjet e sterilizimit nuk jan\u00eb v\u00ebn\u00eb n\u00eb pun\u00eb. N\u00eb dukje, duket sikur Beqja k\u00ebrkon q\u00eb SPAK t\u00eb hetoj\u00eb Ogerta [&hellip;]<\/p>\n","protected":false},"author":2,"featured_media":71128,"comment_status":"open","ping_status":"open","sticky":false,"template":"","format":"standard","meta":{"footnotes":""},"categories":[118],"tags":[],"class_list":{"0":"post-71127","1":"post","2":"type-post","3":"status-publish","4":"format-standard","5":"has-post-thumbnail","7":"category-kryesore"},"_links":{"self":[{"href":"https:\/\/neutrale.al\/index.php\/wp-json\/wp\/v2\/posts\/71127","targetHints":{"allow":["GET"]}}],"collection":[{"href":"https:\/\/neutrale.al\/index.php\/wp-json\/wp\/v2\/posts"}],"about":[{"href":"https:\/\/neutrale.al\/index.php\/wp-json\/wp\/v2\/types\/post"}],"author":[{"embeddable":true,"href":"https:\/\/neutrale.al\/index.php\/wp-json\/wp\/v2\/users\/2"}],"replies":[{"embeddable":true,"href":"https:\/\/neutrale.al\/index.php\/wp-json\/wp\/v2\/comments?post=71127"}],"version-history":[{"count":1,"href":"https:\/\/neutrale.al\/index.php\/wp-json\/wp\/v2\/posts\/71127\/revisions"}],"predecessor-version":[{"id":71129,"href":"https:\/\/neutrale.al\/index.php\/wp-json\/wp\/v2\/posts\/71127\/revisions\/71129"}],"wp:featuredmedia":[{"embeddable":true,"href":"https:\/\/neutrale.al\/index.php\/wp-json\/wp\/v2\/media\/71128"}],"wp:attachment":[{"href":"https:\/\/neutrale.al\/index.php\/wp-json\/wp\/v2\/media?parent=71127"}],"wp:term":[{"taxonomy":"category","embeddable":true,"href":"https:\/\/neutrale.al\/index.php\/wp-json\/wp\/v2\/categories?post=71127"},{"taxonomy":"post_tag","embeddable":true,"href":"https:\/\/neutrale.al\/index.php\/wp-json\/wp\/v2\/tags?post=71127"}],"curies":[{"name":"wp","href":"https:\/\/api.w.org\/{rel}","templated":true}]}}