{"id":71121,"date":"2024-02-23T17:10:33","date_gmt":"2024-02-23T17:10:33","guid":{"rendered":"https:\/\/neutrale.al\/?p=71121"},"modified":"2024-02-23T17:10:33","modified_gmt":"2024-02-23T17:10:33","slug":"vrasja-e-babait-ne-durres-jo-vetem-19-vjecarja-arrestohen-edhe-dy-vellezerit-e-saj","status":"publish","type":"post","link":"https:\/\/neutrale.al\/index.php\/2024\/02\/23\/vrasja-e-babait-ne-durres-jo-vetem-19-vjecarja-arrestohen-edhe-dy-vellezerit-e-saj\/","title":{"rendered":"Vrasja e babait n\u00eb Durr\u00ebs\/ Jo vet\u00ebm 19-vje\u00e7arja, arrestohen edhe dy v\u00ebllez\u00ebrit e saj"},"content":{"rendered":"<p>Policia ka arrestuar dy v\u00ebllez\u00ebrit 19-vje\u00e7ares Hygerta Meta e cila dyshohet se vrau baban\u00eb me arm\u00eb zjarri n\u00eb Durr\u00ebs.<\/p>\n<p>Dyshohet se n\u00eb vrasjen e 49-vje\u00e7arit P\u00ebllumb Meta jan\u00eb bashk\u00ebpun\u00ebtor\u00eb dhe dy v\u00ebllez\u00ebrit e Hygert\u00ebs, Hysen Meta 25 vje\u00e7 dhe Amarildo Meta, 21 vje\u00e7.<\/p>\n<p>Dyshohet se dy v\u00ebllez\u00ebrit pas krimit e ndihmuan motr\u00ebn p\u00ebr ta \u00e7uar makin\u00ebn te Currilat si d\u00ebshmi e &#8220;largimit&#8221; t\u00eb tij.<br \/>\nM\u00eb pas ata kan\u00eb ndihmuar p\u00ebr t\u00eb groposur trupin e t\u00eb atit.<\/p>\n","protected":false},"excerpt":{"rendered":"<p>Policia ka arrestuar dy v\u00ebllez\u00ebrit 19-vje\u00e7ares Hygerta Meta e cila dyshohet se vrau baban\u00eb me arm\u00eb zjarri n\u00eb Durr\u00ebs. Dyshohet se n\u00eb vrasjen e 49-vje\u00e7arit P\u00ebllumb Meta jan\u00eb bashk\u00ebpun\u00ebtor\u00eb dhe dy v\u00ebllez\u00ebrit e Hygert\u00ebs, Hysen Meta 25 vje\u00e7 dhe Amarildo Meta, 21 vje\u00e7. Dyshohet se dy v\u00ebllez\u00ebrit pas krimit e ndihmuan motr\u00ebn p\u00ebr ta \u00e7uar [&hellip;]<\/p>\n","protected":false},"author":2,"featured_media":71122,"comment_status":"open","ping_status":"open","sticky":false,"template":"","format":"standard","meta":{"footnotes":""},"categories":[118],"tags":[],"class_list":{"0":"post-71121","1":"post","2":"type-post","3":"status-publish","4":"format-standard","5":"has-post-thumbnail","7":"category-kryesore"},"_links":{"self":[{"href":"https:\/\/neutrale.al\/index.php\/wp-json\/wp\/v2\/posts\/71121","targetHints":{"allow":["GET"]}}],"collection":[{"href":"https:\/\/neutrale.al\/index.php\/wp-json\/wp\/v2\/posts"}],"about":[{"href":"https:\/\/neutrale.al\/index.php\/wp-json\/wp\/v2\/types\/post"}],"author":[{"embeddable":true,"href":"https:\/\/neutrale.al\/index.php\/wp-json\/wp\/v2\/users\/2"}],"replies":[{"embeddable":true,"href":"https:\/\/neutrale.al\/index.php\/wp-json\/wp\/v2\/comments?post=71121"}],"version-history":[{"count":1,"href":"https:\/\/neutrale.al\/index.php\/wp-json\/wp\/v2\/posts\/71121\/revisions"}],"predecessor-version":[{"id":71123,"href":"https:\/\/neutrale.al\/index.php\/wp-json\/wp\/v2\/posts\/71121\/revisions\/71123"}],"wp:featuredmedia":[{"embeddable":true,"href":"https:\/\/neutrale.al\/index.php\/wp-json\/wp\/v2\/media\/71122"}],"wp:attachment":[{"href":"https:\/\/neutrale.al\/index.php\/wp-json\/wp\/v2\/media?parent=71121"}],"wp:term":[{"taxonomy":"category","embeddable":true,"href":"https:\/\/neutrale.al\/index.php\/wp-json\/wp\/v2\/categories?post=71121"},{"taxonomy":"post_tag","embeddable":true,"href":"https:\/\/neutrale.al\/index.php\/wp-json\/wp\/v2\/tags?post=71121"}],"curies":[{"name":"wp","href":"https:\/\/api.w.org\/{rel}","templated":true}]}}