{"id":71110,"date":"2024-02-23T16:22:59","date_gmt":"2024-02-23T16:22:59","guid":{"rendered":"https:\/\/neutrale.al\/?p=71110"},"modified":"2024-02-23T16:22:59","modified_gmt":"2024-02-23T16:22:59","slug":"mesazhi-prekes-i-vajzes-se-navalny-kreu-i-opozites-ruse-qe-vdiq-ne-burg","status":"publish","type":"post","link":"https:\/\/neutrale.al\/index.php\/2024\/02\/23\/mesazhi-prekes-i-vajzes-se-navalny-kreu-i-opozites-ruse-qe-vdiq-ne-burg\/","title":{"rendered":"Mesazhi prek\u00ebs i vajz\u00ebs s\u00eb Navalny, kreu i opozit\u00ebs ruse q\u00eb vdiq n\u00eb burg"},"content":{"rendered":"<p>Me nj\u00eb foto t\u00eb mrekullueshme, ku i ati e mban n\u00eb krah\u00eb dhe nj\u00eb mesazh prek\u00ebs, vajza e Alexei Navalny i jep lamtumir\u00ebn e fundit, nj\u00eb jav\u00eb pas vdekjes s\u00eb tij,  babait t\u00eb saj.<\/p>\n<p>\u201cDashuri, puthje, p\u00ebrqafime t\u00eb m\u00ebdha dhe m\u00eb mungon shum\u00eb\u201d, shkroi vajza e tij, Dasha, n\u00eb Twitter, duke postuar nj\u00eb foto t\u00eb babait t\u00eb saj duke e mbajtur at\u00eb n\u00eb krah kur ajo ishte ende f\u00ebmij\u00eb.<\/p>\n<p>Dy dit\u00eb m\u00eb par\u00eb, bashk\u00ebshortja e Navalnit, Yulia Navalnaya, ka fluturuar drejt Shteteve t\u00eb Bashkuara p\u00ebr t\u00eb vizituar vajz\u00ebn e saj, e cila studion p\u00ebr psikologji sociale dhe shkenca politike n\u00eb Stanford.<br \/>\nDjali m\u00eb i vog\u00ebl i familjes, Zahar, ndodhet n\u00eb Gjermani n\u00eb nj\u00eb shkoll\u00eb me konvikt<\/p>\n<p><img loading=\"lazy\" loading=\"lazy\" decoding=\"async\" src=\"https:\/\/neutrale.al\/wp-content\/uploads\/2024\/02\/efcef83d-c7d7-4902-a88c-387b21102fcd-274x300.jpeg\" alt=\"\" width=\"274\" height=\"300\" class=\"alignnone size-medium wp-image-71111\" srcset=\"https:\/\/neutrale.al\/wp-content\/uploads\/2024\/02\/efcef83d-c7d7-4902-a88c-387b21102fcd-274x300.jpeg 274w, https:\/\/neutrale.al\/wp-content\/uploads\/2024\/02\/efcef83d-c7d7-4902-a88c-387b21102fcd-934x1024.jpeg 934w, https:\/\/neutrale.al\/wp-content\/uploads\/2024\/02\/efcef83d-c7d7-4902-a88c-387b21102fcd-768x842.jpeg 768w, https:\/\/neutrale.al\/wp-content\/uploads\/2024\/02\/efcef83d-c7d7-4902-a88c-387b21102fcd-860x943.jpeg 860w, https:\/\/neutrale.al\/wp-content\/uploads\/2024\/02\/efcef83d-c7d7-4902-a88c-387b21102fcd.jpeg 1080w\" sizes=\"auto, (max-width: 274px) 100vw, 274px\" \/><\/p>\n","protected":false},"excerpt":{"rendered":"<p>Me nj\u00eb foto t\u00eb mrekullueshme, ku i ati e mban n\u00eb krah\u00eb dhe nj\u00eb mesazh prek\u00ebs, vajza e Alexei Navalny i jep lamtumir\u00ebn e fundit, nj\u00eb jav\u00eb pas vdekjes s\u00eb tij, babait t\u00eb saj. \u201cDashuri, puthje, p\u00ebrqafime t\u00eb m\u00ebdha dhe m\u00eb mungon shum\u00eb\u201d, shkroi vajza e tij, Dasha, n\u00eb Twitter, duke postuar nj\u00eb foto t\u00eb [&hellip;]<\/p>\n","protected":false},"author":2,"featured_media":71112,"comment_status":"open","ping_status":"open","sticky":false,"template":"","format":"standard","meta":{"footnotes":""},"categories":[12,118],"tags":[],"class_list":{"0":"post-71110","1":"post","2":"type-post","3":"status-publish","4":"format-standard","5":"has-post-thumbnail","7":"category-bota","8":"category-kryesore"},"_links":{"self":[{"href":"https:\/\/neutrale.al\/index.php\/wp-json\/wp\/v2\/posts\/71110","targetHints":{"allow":["GET"]}}],"collection":[{"href":"https:\/\/neutrale.al\/index.php\/wp-json\/wp\/v2\/posts"}],"about":[{"href":"https:\/\/neutrale.al\/index.php\/wp-json\/wp\/v2\/types\/post"}],"author":[{"embeddable":true,"href":"https:\/\/neutrale.al\/index.php\/wp-json\/wp\/v2\/users\/2"}],"replies":[{"embeddable":true,"href":"https:\/\/neutrale.al\/index.php\/wp-json\/wp\/v2\/comments?post=71110"}],"version-history":[{"count":2,"href":"https:\/\/neutrale.al\/index.php\/wp-json\/wp\/v2\/posts\/71110\/revisions"}],"predecessor-version":[{"id":71114,"href":"https:\/\/neutrale.al\/index.php\/wp-json\/wp\/v2\/posts\/71110\/revisions\/71114"}],"wp:featuredmedia":[{"embeddable":true,"href":"https:\/\/neutrale.al\/index.php\/wp-json\/wp\/v2\/media\/71112"}],"wp:attachment":[{"href":"https:\/\/neutrale.al\/index.php\/wp-json\/wp\/v2\/media?parent=71110"}],"wp:term":[{"taxonomy":"category","embeddable":true,"href":"https:\/\/neutrale.al\/index.php\/wp-json\/wp\/v2\/categories?post=71110"},{"taxonomy":"post_tag","embeddable":true,"href":"https:\/\/neutrale.al\/index.php\/wp-json\/wp\/v2\/tags?post=71110"}],"curies":[{"name":"wp","href":"https:\/\/api.w.org\/{rel}","templated":true}]}}