{"id":71094,"date":"2024-02-23T10:44:37","date_gmt":"2024-02-23T10:44:37","guid":{"rendered":"https:\/\/neutrale.al\/?p=71094"},"modified":"2024-02-23T10:44:37","modified_gmt":"2024-02-23T10:44:37","slug":"tritan-shehu-e-konsideroj-te-peshtire-cimken-midis-demokrateve","status":"publish","type":"post","link":"https:\/\/neutrale.al\/index.php\/2024\/02\/23\/tritan-shehu-e-konsideroj-te-peshtire-cimken-midis-demokrateve\/","title":{"rendered":"Tritan Shehu\/ E konsideroj t\u00eb p\u00ebshtir\u00eb &#8220;\u00e7imk\u00ebn\u201c midis demokrat\u00ebve"},"content":{"rendered":"<p>E konsideroj t\u00eb p\u00ebshtir\u00eb &#8220;\u00e7imk\u00ebn\u201c midis nesh!<\/p>\n<p>Q\u00eb ka shitur shpirtin per 30 aspra!<br \/>\nPrandaj e kam trajtuar si imorale daljen e \u201cproces verbaleve\u201d te mbledhjeve te mbyllura te grupit tone parlamentar.<br \/>\nEshte jo per te qeshur, sic thote sot nje gazetar, por per te qare, realisht per te qare!<br \/>\nTe regjistrosh ato qe bisedohen lirshem ne nje mbledhje shkembim mendimesh, kolegesh me dyer te mbyllura, e me tej t\u2019i publikosh ato si skuth, me gjithe deformimet e tyre\u2026<br \/>\nPer formimin tim eshte pika me e ulet e moralit, kolegjialitetit, besimit e bashkepunimit reciprok.<br \/>\nJam ne PD e forumet e saj prej vitit 1990.<br \/>\nKam qene Kryetar e Sekretar i Pergjitheshem i kesaj partie.<br \/>\nAsnjehere nuk jam takuar me nje fenomen te tille, kaq meskin, asnjehere, edhe ne momentet me te veshtira e gjate perplasjeve tona te brendeshme.<br \/>\nKu \u201ccimka\u201d ne grupin tone, me metodat e diktatures, fshehurazi te rregjistron dhe publikon me tej si desheron ai, ato qe ti bisedon, diskuton, me ate e koleget e tjere.<br \/>\nPa dyshim kjo behet nga \u201ccimka\u201d me mision\u2026<br \/>\nPrandaj kerkoj qe mbledhjet e radhes tonat te behen te hapura.<br \/>\nKjo edhe per te shpetuar \u201ecimkat\u201c midis nesh nga mekatet e metejshme mbi ndergjegjen e shpirtin e tyre.<br \/>\nTe shitur tashme ndoshta per me shume se \u201e30 aspra\u201c.<\/p>\n","protected":false},"excerpt":{"rendered":"<p>E konsideroj t\u00eb p\u00ebshtir\u00eb &#8220;\u00e7imk\u00ebn\u201c midis nesh! Q\u00eb ka shitur shpirtin per 30 aspra! Prandaj e kam trajtuar si imorale daljen e \u201cproces verbaleve\u201d te mbledhjeve te mbyllura te grupit tone parlamentar. Eshte jo per te qeshur, sic thote sot nje gazetar, por per te qare, realisht per te qare! Te regjistrosh ato qe bisedohen [&hellip;]<\/p>\n","protected":false},"author":2,"featured_media":71095,"comment_status":"open","ping_status":"open","sticky":false,"template":"","format":"standard","meta":{"footnotes":""},"categories":[9],"tags":[],"class_list":{"0":"post-71094","1":"post","2":"type-post","3":"status-publish","4":"format-standard","5":"has-post-thumbnail","7":"category-politika"},"_links":{"self":[{"href":"https:\/\/neutrale.al\/index.php\/wp-json\/wp\/v2\/posts\/71094","targetHints":{"allow":["GET"]}}],"collection":[{"href":"https:\/\/neutrale.al\/index.php\/wp-json\/wp\/v2\/posts"}],"about":[{"href":"https:\/\/neutrale.al\/index.php\/wp-json\/wp\/v2\/types\/post"}],"author":[{"embeddable":true,"href":"https:\/\/neutrale.al\/index.php\/wp-json\/wp\/v2\/users\/2"}],"replies":[{"embeddable":true,"href":"https:\/\/neutrale.al\/index.php\/wp-json\/wp\/v2\/comments?post=71094"}],"version-history":[{"count":1,"href":"https:\/\/neutrale.al\/index.php\/wp-json\/wp\/v2\/posts\/71094\/revisions"}],"predecessor-version":[{"id":71096,"href":"https:\/\/neutrale.al\/index.php\/wp-json\/wp\/v2\/posts\/71094\/revisions\/71096"}],"wp:featuredmedia":[{"embeddable":true,"href":"https:\/\/neutrale.al\/index.php\/wp-json\/wp\/v2\/media\/71095"}],"wp:attachment":[{"href":"https:\/\/neutrale.al\/index.php\/wp-json\/wp\/v2\/media?parent=71094"}],"wp:term":[{"taxonomy":"category","embeddable":true,"href":"https:\/\/neutrale.al\/index.php\/wp-json\/wp\/v2\/categories?post=71094"},{"taxonomy":"post_tag","embeddable":true,"href":"https:\/\/neutrale.al\/index.php\/wp-json\/wp\/v2\/tags?post=71094"}],"curies":[{"name":"wp","href":"https:\/\/api.w.org\/{rel}","templated":true}]}}