{"id":71088,"date":"2024-02-23T10:15:46","date_gmt":"2024-02-23T10:15:46","guid":{"rendered":"https:\/\/neutrale.al\/?p=71088"},"modified":"2024-02-23T10:15:46","modified_gmt":"2024-02-23T10:15:46","slug":"deputetet-e-pd-ne-gjykate-mbeshtesin-protestuesit-qe-u-arrestuan-nga-policia","status":"publish","type":"post","link":"https:\/\/neutrale.al\/index.php\/2024\/02\/23\/deputetet-e-pd-ne-gjykate-mbeshtesin-protestuesit-qe-u-arrestuan-nga-policia\/","title":{"rendered":"Deputet\u00ebt e PD n\u00eb Gjykat\u00eb\/ Mb\u00ebshtesin  protestuesit q\u00eb u arrestuan nga policia"},"content":{"rendered":"<p>Deputet\u00ebt e PD kan\u00eb shkuar t\u00eb ndjekin nga af\u00ebr seanc\u00ebn gjyq\u00ebsore ndaj 4 protestuesve, t\u00eb cil\u00ebt jan\u00eb arrestuar n\u00eb m\u00ebnyr\u00eb t\u00eb paligjshme nga policia pas protest\u00ebs s\u00eb 20 shkurtit.<\/p>\n<p>Opozita ka denoncuar punonj\u00ebsit e policis\u00eb, t\u00eb cil\u00ebt pa uniform\u00eb policie dhe pa num\u00ebr identifikimi kan\u00eb b\u00ebr\u00eb rr\u00ebmbimin e protestuesve dhe dhunimin barbar t\u00eb tyre n\u00eb ambientet e komisariatit.<\/p>\n<p>T\u00eb arrestuar nga policia jan\u00eb shtetasit Kindi Toli, Andrea Malia, Bledar Kola dhe\u00a0Ismet Stefanis.<\/p>\n","protected":false},"excerpt":{"rendered":"<p>Deputet\u00ebt e PD kan\u00eb shkuar t\u00eb ndjekin nga af\u00ebr seanc\u00ebn gjyq\u00ebsore ndaj 4 protestuesve, t\u00eb cil\u00ebt jan\u00eb arrestuar n\u00eb m\u00ebnyr\u00eb t\u00eb paligjshme nga policia pas protest\u00ebs s\u00eb 20 shkurtit. Opozita ka denoncuar punonj\u00ebsit e policis\u00eb, t\u00eb cil\u00ebt pa uniform\u00eb policie dhe pa num\u00ebr identifikimi kan\u00eb b\u00ebr\u00eb rr\u00ebmbimin e protestuesve dhe dhunimin barbar t\u00eb tyre n\u00eb [&hellip;]<\/p>\n","protected":false},"author":2,"featured_media":71089,"comment_status":"open","ping_status":"open","sticky":false,"template":"","format":"standard","meta":{"footnotes":""},"categories":[118,9],"tags":[],"class_list":{"0":"post-71088","1":"post","2":"type-post","3":"status-publish","4":"format-standard","5":"has-post-thumbnail","7":"category-kryesore","8":"category-politika"},"_links":{"self":[{"href":"https:\/\/neutrale.al\/index.php\/wp-json\/wp\/v2\/posts\/71088","targetHints":{"allow":["GET"]}}],"collection":[{"href":"https:\/\/neutrale.al\/index.php\/wp-json\/wp\/v2\/posts"}],"about":[{"href":"https:\/\/neutrale.al\/index.php\/wp-json\/wp\/v2\/types\/post"}],"author":[{"embeddable":true,"href":"https:\/\/neutrale.al\/index.php\/wp-json\/wp\/v2\/users\/2"}],"replies":[{"embeddable":true,"href":"https:\/\/neutrale.al\/index.php\/wp-json\/wp\/v2\/comments?post=71088"}],"version-history":[{"count":1,"href":"https:\/\/neutrale.al\/index.php\/wp-json\/wp\/v2\/posts\/71088\/revisions"}],"predecessor-version":[{"id":71090,"href":"https:\/\/neutrale.al\/index.php\/wp-json\/wp\/v2\/posts\/71088\/revisions\/71090"}],"wp:featuredmedia":[{"embeddable":true,"href":"https:\/\/neutrale.al\/index.php\/wp-json\/wp\/v2\/media\/71089"}],"wp:attachment":[{"href":"https:\/\/neutrale.al\/index.php\/wp-json\/wp\/v2\/media?parent=71088"}],"wp:term":[{"taxonomy":"category","embeddable":true,"href":"https:\/\/neutrale.al\/index.php\/wp-json\/wp\/v2\/categories?post=71088"},{"taxonomy":"post_tag","embeddable":true,"href":"https:\/\/neutrale.al\/index.php\/wp-json\/wp\/v2\/tags?post=71088"}],"curies":[{"name":"wp","href":"https:\/\/api.w.org\/{rel}","templated":true}]}}