{"id":71080,"date":"2024-02-23T10:03:35","date_gmt":"2024-02-23T10:03:35","guid":{"rendered":"https:\/\/neutrale.al\/?p=71080"},"modified":"2024-02-23T10:03:35","modified_gmt":"2024-02-23T10:03:35","slug":"krimi-ne-durres-doja-te-ndiqja-endrrat-e-mia-te-vazhdoja-shkollen-zbardhet-deshmia-e-studentes-qe-vrau-babain-dhe-e-shpalli-te-zhdukur","status":"publish","type":"post","link":"https:\/\/neutrale.al\/index.php\/2024\/02\/23\/krimi-ne-durres-doja-te-ndiqja-endrrat-e-mia-te-vazhdoja-shkollen-zbardhet-deshmia-e-studentes-qe-vrau-babain-dhe-e-shpalli-te-zhdukur\/","title":{"rendered":"Krimi n\u00eb Durr\u00ebs\/ \u201cDoja t\u00eb ndiqja \u00ebndrrat e mia, t\u00eb vazhdoja shkoll\u00ebn\u201d, zbardhet d\u00ebshmia e studentes q\u00eb vrau babain dhe e shpalli t\u00eb zhdukur"},"content":{"rendered":"<p>\u201cDoja t\u00eb ndiqja \u00ebndrrat e mia, t\u00eb vazhdoja shkoll\u00ebn\u201d. K\u00ebshtu ka deklaruar Hygerta Meta, e cila vrau babain e saj dhe m\u00eb pas e groposi n\u00eb oborrin e sht\u00ebpis\u00eb, nd\u00ebrsa familja e shpalli t\u00eb zhdukur.<\/p>\n<p>Gazetarja Klodjana Haxhiaj ka siguruar d\u00ebshmin\u00eb e 19-vje\u00e7ares, e cila ka pranuar autor\u00ebsin\u00eb e krimit, nd\u00ebrsa theksoi se shkak ishte b\u00ebr\u00eb fakti se babai, P\u00ebllumb Meta, donte ta fejonte me nj\u00eb djal\u00eb nga fshati i saj, Sh\u00ebnvlash i Durr\u00ebsit, emigrant.<br \/>\n\u201cDoja t\u00eb ndiqja \u00ebndrrat e mija, t\u00eb vazhdoja shkoll\u00ebn. Dita m\u00eb e lumtur e jet\u00ebs time ka qen\u00eb kur fitova shkoll\u00ebn. Ai donte t\u00eb m\u00eb fejonte me dike q\u00eb nuk ishte n\u00eb nivelin tim. Me nj\u00eb djal\u00eb nga fshati, emigrant n\u00eb Itali. Por un\u00eb nuk doja dhe e vrava.\u201d, m\u00ebsohet t\u00eb jet\u00eb shprehur e reja para policis\u00eb, raporton balkanweb<\/p>\n","protected":false},"excerpt":{"rendered":"<p>\u201cDoja t\u00eb ndiqja \u00ebndrrat e mia, t\u00eb vazhdoja shkoll\u00ebn\u201d. K\u00ebshtu ka deklaruar Hygerta Meta, e cila vrau babain e saj dhe m\u00eb pas e groposi n\u00eb oborrin e sht\u00ebpis\u00eb, nd\u00ebrsa familja e shpalli t\u00eb zhdukur. Gazetarja Klodjana Haxhiaj ka siguruar d\u00ebshmin\u00eb e 19-vje\u00e7ares, e cila ka pranuar autor\u00ebsin\u00eb e krimit, nd\u00ebrsa theksoi se shkak ishte [&hellip;]<\/p>\n","protected":false},"author":2,"featured_media":71081,"comment_status":"open","ping_status":"open","sticky":false,"template":"","format":"standard","meta":{"footnotes":""},"categories":[117,118],"tags":[],"class_list":{"0":"post-71080","1":"post","2":"type-post","3":"status-publish","4":"format-standard","5":"has-post-thumbnail","7":"category-aktualitet","8":"category-kryesore"},"_links":{"self":[{"href":"https:\/\/neutrale.al\/index.php\/wp-json\/wp\/v2\/posts\/71080","targetHints":{"allow":["GET"]}}],"collection":[{"href":"https:\/\/neutrale.al\/index.php\/wp-json\/wp\/v2\/posts"}],"about":[{"href":"https:\/\/neutrale.al\/index.php\/wp-json\/wp\/v2\/types\/post"}],"author":[{"embeddable":true,"href":"https:\/\/neutrale.al\/index.php\/wp-json\/wp\/v2\/users\/2"}],"replies":[{"embeddable":true,"href":"https:\/\/neutrale.al\/index.php\/wp-json\/wp\/v2\/comments?post=71080"}],"version-history":[{"count":2,"href":"https:\/\/neutrale.al\/index.php\/wp-json\/wp\/v2\/posts\/71080\/revisions"}],"predecessor-version":[{"id":71083,"href":"https:\/\/neutrale.al\/index.php\/wp-json\/wp\/v2\/posts\/71080\/revisions\/71083"}],"wp:featuredmedia":[{"embeddable":true,"href":"https:\/\/neutrale.al\/index.php\/wp-json\/wp\/v2\/media\/71081"}],"wp:attachment":[{"href":"https:\/\/neutrale.al\/index.php\/wp-json\/wp\/v2\/media?parent=71080"}],"wp:term":[{"taxonomy":"category","embeddable":true,"href":"https:\/\/neutrale.al\/index.php\/wp-json\/wp\/v2\/categories?post=71080"},{"taxonomy":"post_tag","embeddable":true,"href":"https:\/\/neutrale.al\/index.php\/wp-json\/wp\/v2\/tags?post=71080"}],"curies":[{"name":"wp","href":"https:\/\/api.w.org\/{rel}","templated":true}]}}