{"id":71068,"date":"2024-02-23T09:45:00","date_gmt":"2024-02-23T09:45:00","guid":{"rendered":"https:\/\/neutrale.al\/?p=71068"},"modified":"2024-02-23T09:45:00","modified_gmt":"2024-02-23T09:45:00","slug":"tmerr-ne-durres-19-vjecarja-vret-babane-dhe-e-varros-fshehtas-donte-te-me-fejonte-emri","status":"publish","type":"post","link":"https:\/\/neutrale.al\/index.php\/2024\/02\/23\/tmerr-ne-durres-19-vjecarja-vret-babane-dhe-e-varros-fshehtas-donte-te-me-fejonte-emri\/","title":{"rendered":"Tmerr n\u00eb Durr\u00ebs\/ 19-vje\u00e7arja vret baban\u00eb dhe e varros fshehtas: Donte t\u00eb m\u00eb fejonte (emri)"},"content":{"rendered":"<p>Nj\u00eb vajz\u00eb 19-vje\u00e7are ka vrar\u00eb babain e saj n\u00eb Sh\u00ebnvlash t\u00eb Durr\u00ebsit dhe e ka varrosur n\u00eb oborrin e banes\u00ebs duke fshehur ngjarjen.<br \/>\nFamiljar\u00ebt e tjer\u00eb nd\u00ebrkoh\u00eb, kishin b\u00ebr\u00eb kall\u00ebzimin p\u00ebr zhdukjen e kryefamiljarit.<\/p>\n<p>Pas 10 dit\u00ebsh hetime, blut\u00eb e Durr\u00ebsit arrit\u00ebn t\u00eb zbulonin kufom\u00ebn dhe t\u00eb zbardhnin krimin. E reja pranoi t\u00eb jet\u00eb ajo autorja e vrasjes dhe groposjes s\u00eb trupit. Shkaku q\u00eb sipas saj e ka \u00e7uar n\u00eb kryerjen e krimit ka qen\u00eb nxitja prej babait p\u00ebr t\u2019u fejuar pa d\u00ebshir\u00ebn e saj, si dhe konfliktet familjare q\u00eb kan\u00eb patur.<\/p>\n<p>N\u00eb pranga u vu Hygerta Meta, e akuzuar p\u00ebr vepr\u00ebn penale \u201cVrasja p\u00ebr shkak t\u00eb marr\u00ebdh\u00ebnieve familjare\u201d n\u00eb d\u00ebm t\u00eb t\u00eb atit P\u00ebllumb Meta, 50 vje\u00e7.<\/p>\n<p>Hetimet p\u00ebr rastin vijojn\u00eb p\u00ebr t\u00eb zbuluar n\u00ebse ka persona t\u00eb tjer\u00eb t\u00eb implikuar n\u00eb ngjarje.<\/p>\n<p>Kall\u00ebzimi p\u00ebr zhdukje nga i biri:<\/p>\n<p>Rreth or\u00ebs 22:30 t\u00eb s\u00eb mart\u00ebs s\u00eb 13 Shkurtit, djali 25-vje\u00e7ar i P\u00ebllumb Met\u00ebs \u00ebsht\u00eb paraqitur n\u00eb komisariat p\u00ebr t\u00eb denoncuar zhdukjen pa gjurm\u00eb t\u00eb t\u00eb atit.<\/p>\n<p>I riu ka deklaruar para uniformave blu se babai ishte larguar nga banesa dhe se familja kishte humbur kontaktet me t\u00eb.<\/p>\n<p>Pas k\u00ebtij kall\u00ebzimi, efektiv\u00ebt kan\u00eb nisur k\u00ebrkimet dhe tre dit\u00eb m\u00eb von\u00eb (17 Shkurt) kan\u00eb gjetur automjetin e  parkuar t\u00eb 50-vje\u00e7arit n\u00eb aksin rrugor Sh\u00ebnavlash-Sektor Rinia.<\/p>\n<p>Grupi i posa\u00e7\u00ebm hetimor i ngritur p\u00ebr k\u00ebt\u00eb rast, n\u00eb drejtimin e Prokuroris\u00eb s\u00eb Durr\u00ebsit, vijoi hetimet dhe k\u00ebrkimet, pasi dyshohej se 50-vje\u00e7ari ishte zhdukur.<\/p>\n<p>Megjithat\u00eb, hetimet zbuluan se 50-vje\u00e7ari nuk ishte zhdukur, por ishte vrar\u00eb n\u00eb banes\u00eb. Dhe se autore e vrasjes s\u00eb 50-vje\u00e7arit \u00ebsht\u00eb vajza e tij, Hygerta Meta, 19 vje\u00e7e \u2013 e cila \u00ebsht\u00eb arrestuar p\u00ebr vepr\u00ebn penale \u201cVrasja p\u00ebr shkak t\u00eb marr\u00ebdh\u00ebnieve familjare\u201d. Trupi i pajet\u00eb i kryefamiljarit u gjet i varrosur brenda rrethimit t\u00eb banes\u00ebs.<\/p>\n<p>\u201cDonte t\u00eb m\u00eb fejonte\u201d<\/p>\n<p>Vajza ka deklaruar para hetuesve se motivi i vrasjes ka qen\u00eb nxitja prej babait, p\u00ebr t\u2019u fejuar pa d\u00ebshir\u00ebn e saj, si dhe konfliktet familjare q\u00eb kan\u00eb patur.<\/p>\n<p>\u201cGrupi i posa\u00e7\u00ebm hetimor po vijon hetimet e thelluara p\u00ebr t\u00eb identifikuar dhe v\u00ebn\u00eb p\u00ebrpara p\u00ebrgjegj\u00ebsis\u00eb ligjore, shtetas t\u00eb tjer\u00eb t\u00eb implikuar n\u00eb k\u00ebt\u00eb ngjarje\u201d,\u00a0thuhet n\u00eb nj\u00eb njoftim t\u00eb policis\u00eb.<\/p>\n<p>Trupi i P\u00ebllumb Met\u00ebs nd\u00ebrkoh\u00eb \u00ebsht\u00eb zhvarrosur dhe \u00ebsht\u00eb transportuar n\u00eb Institutin e Mjek\u00ebsis\u00eb Ligjore, p\u00ebr kryerjen e ekspertiz\u00ebs s\u00eb m\u00ebtejshme.<\/p>\n<p>(Foto ilustruese)<\/p>\n","protected":false},"excerpt":{"rendered":"<p>Nj\u00eb vajz\u00eb 19-vje\u00e7are ka vrar\u00eb babain e saj n\u00eb Sh\u00ebnvlash t\u00eb Durr\u00ebsit dhe e ka varrosur n\u00eb oborrin e banes\u00ebs duke fshehur ngjarjen. Familjar\u00ebt e tjer\u00eb nd\u00ebrkoh\u00eb, kishin b\u00ebr\u00eb kall\u00ebzimin p\u00ebr zhdukjen e kryefamiljarit. Pas 10 dit\u00ebsh hetime, blut\u00eb e Durr\u00ebsit arrit\u00ebn t\u00eb zbulonin kufom\u00ebn dhe t\u00eb zbardhnin krimin. E reja pranoi t\u00eb jet\u00eb ajo [&hellip;]<\/p>\n","protected":false},"author":2,"featured_media":71069,"comment_status":"open","ping_status":"open","sticky":false,"template":"","format":"standard","meta":{"footnotes":""},"categories":[117,118],"tags":[],"class_list":{"0":"post-71068","1":"post","2":"type-post","3":"status-publish","4":"format-standard","5":"has-post-thumbnail","7":"category-aktualitet","8":"category-kryesore"},"_links":{"self":[{"href":"https:\/\/neutrale.al\/index.php\/wp-json\/wp\/v2\/posts\/71068","targetHints":{"allow":["GET"]}}],"collection":[{"href":"https:\/\/neutrale.al\/index.php\/wp-json\/wp\/v2\/posts"}],"about":[{"href":"https:\/\/neutrale.al\/index.php\/wp-json\/wp\/v2\/types\/post"}],"author":[{"embeddable":true,"href":"https:\/\/neutrale.al\/index.php\/wp-json\/wp\/v2\/users\/2"}],"replies":[{"embeddable":true,"href":"https:\/\/neutrale.al\/index.php\/wp-json\/wp\/v2\/comments?post=71068"}],"version-history":[{"count":1,"href":"https:\/\/neutrale.al\/index.php\/wp-json\/wp\/v2\/posts\/71068\/revisions"}],"predecessor-version":[{"id":71070,"href":"https:\/\/neutrale.al\/index.php\/wp-json\/wp\/v2\/posts\/71068\/revisions\/71070"}],"wp:featuredmedia":[{"embeddable":true,"href":"https:\/\/neutrale.al\/index.php\/wp-json\/wp\/v2\/media\/71069"}],"wp:attachment":[{"href":"https:\/\/neutrale.al\/index.php\/wp-json\/wp\/v2\/media?parent=71068"}],"wp:term":[{"taxonomy":"category","embeddable":true,"href":"https:\/\/neutrale.al\/index.php\/wp-json\/wp\/v2\/categories?post=71068"},{"taxonomy":"post_tag","embeddable":true,"href":"https:\/\/neutrale.al\/index.php\/wp-json\/wp\/v2\/tags?post=71068"}],"curies":[{"name":"wp","href":"https:\/\/api.w.org\/{rel}","templated":true}]}}