{"id":71041,"date":"2024-02-22T12:27:30","date_gmt":"2024-02-22T12:27:30","guid":{"rendered":"https:\/\/neutrale.al\/?p=71041"},"modified":"2024-02-22T12:27:30","modified_gmt":"2024-02-22T12:27:30","slug":"maqedoni-e-veriut-ali-ahmeti-propozon-bujar-osmanin-si-kandidat-per-president-te-republikes","status":"publish","type":"post","link":"https:\/\/neutrale.al\/index.php\/2024\/02\/22\/maqedoni-e-veriut-ali-ahmeti-propozon-bujar-osmanin-si-kandidat-per-president-te-republikes\/","title":{"rendered":"Maqedoni e Veriut\/ Ali Ahmeti propozon Bujar Osmanin si kandidat p\u00ebr President t\u00eb Republik\u00ebs"},"content":{"rendered":"<p>Ali Ahmeti, kryetar i BDI, ka prezantuar dit\u00ebn e sotme, Bujar Osmanin si kandidat i k\u00ebsaj partie n\u00eb zgjedhjet presidenciale n\u00eb Maqedonis\u00eb s\u00eb Veriut q\u00eb do t\u00eb mbahen m\u00eb 24 prill.<\/p>\n<p>Kujtojm\u00eb se Osmani aktualisht \u00ebsht\u00eb Minist\u00ebr i Jasht\u00ebm i Maqedonis\u00eb s\u00eb Veriut<\/p>\n","protected":false},"excerpt":{"rendered":"<p>Ali Ahmeti, kryetar i BDI, ka prezantuar dit\u00ebn e sotme, Bujar Osmanin si kandidat i k\u00ebsaj partie n\u00eb zgjedhjet presidenciale n\u00eb Maqedonis\u00eb s\u00eb Veriut q\u00eb do t\u00eb mbahen m\u00eb 24 prill. Kujtojm\u00eb se Osmani aktualisht \u00ebsht\u00eb Minist\u00ebr i Jasht\u00ebm i Maqedonis\u00eb s\u00eb Veriut<\/p>\n","protected":false},"author":2,"featured_media":71042,"comment_status":"open","ping_status":"open","sticky":false,"template":"","format":"standard","meta":{"footnotes":""},"categories":[118,6],"tags":[],"class_list":{"0":"post-71041","1":"post","2":"type-post","3":"status-publish","4":"format-standard","5":"has-post-thumbnail","7":"category-kryesore","8":"category-rajoni"},"_links":{"self":[{"href":"https:\/\/neutrale.al\/index.php\/wp-json\/wp\/v2\/posts\/71041","targetHints":{"allow":["GET"]}}],"collection":[{"href":"https:\/\/neutrale.al\/index.php\/wp-json\/wp\/v2\/posts"}],"about":[{"href":"https:\/\/neutrale.al\/index.php\/wp-json\/wp\/v2\/types\/post"}],"author":[{"embeddable":true,"href":"https:\/\/neutrale.al\/index.php\/wp-json\/wp\/v2\/users\/2"}],"replies":[{"embeddable":true,"href":"https:\/\/neutrale.al\/index.php\/wp-json\/wp\/v2\/comments?post=71041"}],"version-history":[{"count":1,"href":"https:\/\/neutrale.al\/index.php\/wp-json\/wp\/v2\/posts\/71041\/revisions"}],"predecessor-version":[{"id":71043,"href":"https:\/\/neutrale.al\/index.php\/wp-json\/wp\/v2\/posts\/71041\/revisions\/71043"}],"wp:featuredmedia":[{"embeddable":true,"href":"https:\/\/neutrale.al\/index.php\/wp-json\/wp\/v2\/media\/71042"}],"wp:attachment":[{"href":"https:\/\/neutrale.al\/index.php\/wp-json\/wp\/v2\/media?parent=71041"}],"wp:term":[{"taxonomy":"category","embeddable":true,"href":"https:\/\/neutrale.al\/index.php\/wp-json\/wp\/v2\/categories?post=71041"},{"taxonomy":"post_tag","embeddable":true,"href":"https:\/\/neutrale.al\/index.php\/wp-json\/wp\/v2\/tags?post=71041"}],"curies":[{"name":"wp","href":"https:\/\/api.w.org\/{rel}","templated":true}]}}