{"id":71026,"date":"2024-02-22T11:58:08","date_gmt":"2024-02-22T11:58:08","guid":{"rendered":"https:\/\/neutrale.al\/?p=71026"},"modified":"2024-02-22T11:58:08","modified_gmt":"2024-02-22T11:58:08","slug":"harris-murana-protestuesit-ngelen-pjesa-me-e-shendoshe-opozitare","status":"publish","type":"post","link":"https:\/\/neutrale.al\/index.php\/2024\/02\/22\/harris-murana-protestuesit-ngelen-pjesa-me-e-shendoshe-opozitare\/","title":{"rendered":"Harris Murana\/ Protestuesit ngelen pjesa m\u00eb e sh\u00ebndosh\u00eb opozitare&#8230;"},"content":{"rendered":"<p>I dyzuar mes got\u00ebs plot e got\u00ebs bosh rrekem t\u00eb ndaj ndjesit\u00eb, p\u00ebrshtypjet dhe pritshm\u00ebrit\u00eb ndaj sheshit q\u00eb p\u00ebr nga pjes\u00ebmarrja m\u00eb p\u00ebrmalloi e m\u00eb ktheu koh\u00ebve t\u00eb &#8220;mira&#8221; kur bashk\u00ebrisht shpresonim e luftonim, m\u00ebndjembushur se kemi forc\u00ebn p\u00ebr ndryshim, m\u00eb pas bu\u00e7it\u00ebn statuset n\u00eb rrjetet sociale, aty pash\u00eb si &#8220;prishet nj\u00eb g\u00ebzim&#8221; apo si &#8220;p\u00ebrvet\u00ebsohet nj\u00eb d\u00ebshp\u00ebrim&#8221;&#8230; D\u00ebshp\u00ebrimisht disa u munduan t\u00eb zbehnin madh\u00ebshtin\u00eb e nj\u00eb sheshi plot, ca t\u00eb tjer\u00eb n\u00eb delirin e vetk\u00ebnaq\u00ebsis\u00eb p\u00ebrpiqeshin ti vishnin vetes e nj\u00eb bashkimi t\u00eb pavler\u00eb (n\u00eb k\u00ebndv\u00ebshtrimin tim) suksesin e sheshit plot&#8230;<br \/>\nSa vler\u00eb ka p\u00ebr baz\u00ebn bashkimi e treguan thirrjet e turm\u00ebs kur Gazmend Bardhi mori fjal\u00ebn, sheshi osh\u00ebtiu Berisha- Berisha, sinjal kumbues ky, tregues i qart\u00eb se baza nuk e do biles e urren dyfytyr\u00ebsin\u00eb, nga ana tjet\u00ebr do ishte n\u00eb nderin e PD zyrtare q\u00eb mos t\u00eb rrekej ta zbehte pjesmarrjen por ti jepte jehon\u00eb asaj dhe d\u00ebshp\u00ebrimit t\u00eb njer\u00ebzve q\u00eb mbush\u00ebn bulevardin, pavar\u00ebsisht ndarjeve t\u00eb kupolave drejtuese dhe pse parimore mund t\u00eb jen\u00eb ato, protestuesit ngelen pjesa m\u00eb e sh\u00ebndosh\u00eb opozitare dhe e vemja forc\u00eb q\u00eb mund t\u00eb japi pushtetin n\u00eb nj\u00eb t\u00eb ardhme.<br \/>\nE tek dua t\u00eb mbyll rr\u00ebfimin, n\u00eb m\u00ebndje m\u00eb vijn\u00eb vargjet e Drit\u0113roit;<\/p>\n<p>-Tek pi duhan mes tymit flas menduar.<br \/>\nSikur me shekuj rron nj\u00eb fis i marr\u00eb.<br \/>\nP\u00ebrjet\u00ebsiasht n\u00eb urrejtje i bashkuar.<br \/>\n\u00c7udit\u00ebrisht n\u00eb dashuri i ndar\u00eb.<\/p>\n<p>22, 02, 2024.<\/p>\n","protected":false},"excerpt":{"rendered":"<p>I dyzuar mes got\u00ebs plot e got\u00ebs bosh rrekem t\u00eb ndaj ndjesit\u00eb, p\u00ebrshtypjet dhe pritshm\u00ebrit\u00eb ndaj sheshit q\u00eb p\u00ebr nga pjes\u00ebmarrja m\u00eb p\u00ebrmalloi e m\u00eb ktheu koh\u00ebve t\u00eb &#8220;mira&#8221; kur bashk\u00ebrisht shpresonim e luftonim, m\u00ebndjembushur se kemi forc\u00ebn p\u00ebr ndryshim, m\u00eb pas bu\u00e7it\u00ebn statuset n\u00eb rrjetet sociale, aty pash\u00eb si &#8220;prishet nj\u00eb g\u00ebzim&#8221; apo si [&hellip;]<\/p>\n","protected":false},"author":2,"featured_media":71027,"comment_status":"open","ping_status":"open","sticky":false,"template":"","format":"standard","meta":{"footnotes":""},"categories":[1],"tags":[],"class_list":{"0":"post-71026","1":"post","2":"type-post","3":"status-publish","4":"format-standard","5":"has-post-thumbnail","7":"category-te-tjera"},"_links":{"self":[{"href":"https:\/\/neutrale.al\/index.php\/wp-json\/wp\/v2\/posts\/71026","targetHints":{"allow":["GET"]}}],"collection":[{"href":"https:\/\/neutrale.al\/index.php\/wp-json\/wp\/v2\/posts"}],"about":[{"href":"https:\/\/neutrale.al\/index.php\/wp-json\/wp\/v2\/types\/post"}],"author":[{"embeddable":true,"href":"https:\/\/neutrale.al\/index.php\/wp-json\/wp\/v2\/users\/2"}],"replies":[{"embeddable":true,"href":"https:\/\/neutrale.al\/index.php\/wp-json\/wp\/v2\/comments?post=71026"}],"version-history":[{"count":1,"href":"https:\/\/neutrale.al\/index.php\/wp-json\/wp\/v2\/posts\/71026\/revisions"}],"predecessor-version":[{"id":71028,"href":"https:\/\/neutrale.al\/index.php\/wp-json\/wp\/v2\/posts\/71026\/revisions\/71028"}],"wp:featuredmedia":[{"embeddable":true,"href":"https:\/\/neutrale.al\/index.php\/wp-json\/wp\/v2\/media\/71027"}],"wp:attachment":[{"href":"https:\/\/neutrale.al\/index.php\/wp-json\/wp\/v2\/media?parent=71026"}],"wp:term":[{"taxonomy":"category","embeddable":true,"href":"https:\/\/neutrale.al\/index.php\/wp-json\/wp\/v2\/categories?post=71026"},{"taxonomy":"post_tag","embeddable":true,"href":"https:\/\/neutrale.al\/index.php\/wp-json\/wp\/v2\/tags?post=71026"}],"curies":[{"name":"wp","href":"https:\/\/api.w.org\/{rel}","templated":true}]}}